{"id":5619,"date":"2026-01-19T21:52:56","date_gmt":"2026-01-19T17:52:56","guid":{"rendered":"https:\/\/www.catholic.az\/az\/?p=5619"},"modified":"2026-02-06T08:57:03","modified_gmt":"2026-02-06T04:57:03","slug":"azerbaycanin-xristian-icmalarinin-rehberleri-ve-numayendeleri-xristianlarin-birliyi-ucun-birge-dua-edib-2","status":"publish","type":"post","link":"https:\/\/www.catholic.az\/az\/azerbaycanin-xristian-icmalarinin-rehberleri-ve-numayendeleri-xristianlarin-birliyi-ucun-birge-dua-edib-2\/","title":{"rendered":"AZ\u018fRBAYCANIN XR\u0130ST\u0130AN \u0130CMALARININ R\u018fHB\u018fRL\u018fR\u0130 V\u018f N\u00dcMAY\u018fND\u018fL\u018fR\u0130 XR\u0130ST\u0130ANLARIN B\u0130RL\u0130Y\u0130 \u00dc\u00c7\u00dcN B\u0130RG\u018f DUA ED\u0130B"},"content":{"rendered":"<div class=\"x14z9mp xat24cr x1lziwak x1vvkbs xtlvy1s x126k92a\">\n<div dir=\"auto\">Yanvar\u0131n 19-da, yepiskop Vladimir Fekete-nin ba\u015f\u00e7\u0131l\u0131\u011f\u0131 il\u0259 Bak\u0131n\u0131n M\u00fcq\u0259dd\u0259s M\u0259ry\u0259m katolik kils\u0259sind\u0259 xristianlar\u0131n birliyi \u00fc\u00e7\u00fcn \u00fcmumxristian dua m\u0259rasimi ke\u00e7irilib.<\/div>\n<\/div>\n<div class=\"x14z9mp xat24cr x1lziwak x1vvkbs xtlvy1s x126k92a\">\n<div dir=\"auto\">Birlik, t\u0259kc\u0259 ideal deyil, h\u0259m d\u0259 Kils\u0259nin \u00e7a\u011f\u0131r\u0131\u015f\u0131n\u0131n mahiyy\u0259ti kimi xristian kimliyimizin m\u0259rk\u0259zind\u0259 duran Allah\u0131n \u0259mridir: M\u0259sihd\u0259ki h\u0259yat\u0131m\u0131z\u0131n ah\u0259ngdar birliyini m\u00fcxt\u0259liflikd\u0259 \u0259ks etdirm\u0259k \u0259mri. H\u0259vari Paul Efeslil\u0259r\u0259 m\u0259ktubunda dediyi kimi: &#8220;\u00c7a\u011f\u0131r\u0131\u015f ald\u0131qda bir \u00fcmid\u0259 \u00e7a\u011f\u0131r\u0131ld\u0131\u011f\u0131n\u0131z kimi b\u0259d\u0259n bir, Ruh bir&#8221; (Efeslil\u0259r\u0259 4,4). M\u00fcq\u0259dd\u0259s Kitab\u0131n bu il \u00fc\u00e7\u00fcn se\u00e7ilmi\u015f bu ay\u0259si xristian birliyinin teoloji d\u0259rinliyini \u0259ks etdirir.<\/div>\n<\/div>\n<div class=\"x14z9mp xat24cr x1lziwak x1vvkbs xtlvy1s x126k92a\">\n<div dir=\"auto\">Birg\u0259 duada Az\u0259rbaycan Bibliya C\u0259miyy\u0259tinin s\u0259dri Rasim X\u0259lilov, Alban-udi xristian icmas\u0131n\u0131n ba\u015f\u00e7\u0131s\u0131 Robert Mobili, \u201cVinyard\u201d xristian icmas\u0131n\u0131n ba\u015f pastoru Emil P\u0259nahov, Bak\u0131 Presviterian icmas\u0131n\u0131n ba\u015f\u00e7\u0131s\u0131 P\u0259rviz Mahmudov v\u0259 \u00f6lk\u0259nin dig\u0259r xristian icmalar\u0131n\u0131n r\u0259hb\u0259rl\u0259ri v\u0259 n\u00fcmay\u0259nd\u0259l\u0259ri i\u015ftirak etdil\u0259r.<\/div>\n<\/div>\n<div class=\"x14z9mp xat24cr x1lziwak x1vvkbs xtlvy1s x126k92a\">\n<div dir=\"auto\">T\u0259dbirin sonunda duada i\u015ftirak ed\u0259nl\u0259r \u201cagape\u201d \u2013 qarda\u015f s\u00fcfr\u0259sin\u0259 d\u0259v\u0259t olundular.<\/div>\n<\/div>\n<div dir=\"auto\"><\/div>\n<div dir=\"auto\"><a href=\"https:\/\/www.catholic.az\/az\/wp-content\/uploads\/2026\/02\/1.jpeg\"><img loading=\"lazy\" decoding=\"async\" data-attachment-id=\"5620\" data-permalink=\"https:\/\/www.catholic.az\/az\/azerbaycanin-xristian-icmalarinin-rehberleri-ve-numayendeleri-xristianlarin-birliyi-ucun-birge-dua-edib-2\/1-16\/\" data-orig-file=\"https:\/\/www.catholic.az\/az\/wp-content\/uploads\/2026\/02\/1.jpeg\" data-orig-size=\"1600,721\" data-comments-opened=\"0\" data-image-meta=\"{&quot;aperture&quot;:&quot;0&quot;,&quot;credit&quot;:&quot;&quot;,&quot;camera&quot;:&quot;&quot;,&quot;caption&quot;:&quot;&quot;,&quot;created_timestamp&quot;:&quot;0&quot;,&quot;copyright&quot;:&quot;&quot;,&quot;focal_length&quot;:&quot;0&quot;,&quot;iso&quot;:&quot;0&quot;,&quot;shutter_speed&quot;:&quot;0&quot;,&quot;title&quot;:&quot;&quot;,&quot;orientation&quot;:&quot;0&quot;}\" data-image-title=\"1\" data-image-description=\"\" data-image-caption=\"\" data-medium-file=\"https:\/\/www.catholic.az\/az\/wp-content\/uploads\/2026\/02\/1-300x135.jpeg\" data-large-file=\"https:\/\/www.catholic.az\/az\/wp-content\/uploads\/2026\/02\/1-1024x461.jpeg\" class=\"alignnone size-medium wp-image-5620\" src=\"https:\/\/www.catholic.az\/az\/wp-content\/uploads\/2026\/02\/1-300x135.jpeg\" alt=\"\" width=\"300\" height=\"135\" srcset=\"https:\/\/www.catholic.az\/az\/wp-content\/uploads\/2026\/02\/1-300x135.jpeg 300w, https:\/\/www.catholic.az\/az\/wp-content\/uploads\/2026\/02\/1-1024x461.jpeg 1024w, https:\/\/www.catholic.az\/az\/wp-content\/uploads\/2026\/02\/1-768x346.jpeg 768w, https:\/\/www.catholic.az\/az\/wp-content\/uploads\/2026\/02\/1-1536x692.jpeg 1536w, https:\/\/www.catholic.az\/az\/wp-content\/uploads\/2026\/02\/1.jpeg 1600w\" sizes=\"auto, (max-width: 300px) 100vw, 300px\" \/><\/a> <a href=\"https:\/\/www.catholic.az\/az\/wp-content\/uploads\/2026\/02\/2.jpeg\"><img loading=\"lazy\" decoding=\"async\" data-attachment-id=\"5621\" data-permalink=\"https:\/\/www.catholic.az\/az\/azerbaycanin-xristian-icmalarinin-rehberleri-ve-numayendeleri-xristianlarin-birliyi-ucun-birge-dua-edib-2\/2-14\/\" data-orig-file=\"https:\/\/www.catholic.az\/az\/wp-content\/uploads\/2026\/02\/2.jpeg\" data-orig-size=\"1600,721\" data-comments-opened=\"0\" data-image-meta=\"{&quot;aperture&quot;:&quot;0&quot;,&quot;credit&quot;:&quot;&quot;,&quot;camera&quot;:&quot;&quot;,&quot;caption&quot;:&quot;&quot;,&quot;created_timestamp&quot;:&quot;0&quot;,&quot;copyright&quot;:&quot;&quot;,&quot;focal_length&quot;:&quot;0&quot;,&quot;iso&quot;:&quot;0&quot;,&quot;shutter_speed&quot;:&quot;0&quot;,&quot;title&quot;:&quot;&quot;,&quot;orientation&quot;:&quot;0&quot;}\" data-image-title=\"2\" data-image-description=\"\" data-image-caption=\"\" data-medium-file=\"https:\/\/www.catholic.az\/az\/wp-content\/uploads\/2026\/02\/2-300x135.jpeg\" data-large-file=\"https:\/\/www.catholic.az\/az\/wp-content\/uploads\/2026\/02\/2-1024x461.jpeg\" class=\"alignnone size-medium wp-image-5621\" src=\"https:\/\/www.catholic.az\/az\/wp-content\/uploads\/2026\/02\/2-300x135.jpeg\" alt=\"\" width=\"300\" height=\"135\" srcset=\"https:\/\/www.catholic.az\/az\/wp-content\/uploads\/2026\/02\/2-300x135.jpeg 300w, https:\/\/www.catholic.az\/az\/wp-content\/uploads\/2026\/02\/2-1024x461.jpeg 1024w, https:\/\/www.catholic.az\/az\/wp-content\/uploads\/2026\/02\/2-768x346.jpeg 768w, https:\/\/www.catholic.az\/az\/wp-content\/uploads\/2026\/02\/2-1536x692.jpeg 1536w, https:\/\/www.catholic.az\/az\/wp-content\/uploads\/2026\/02\/2.jpeg 1600w\" sizes=\"auto, (max-width: 300px) 100vw, 300px\" \/><\/a> <a href=\"https:\/\/www.catholic.az\/az\/wp-content\/uploads\/2026\/02\/3.jpeg\"><img loading=\"lazy\" decoding=\"async\" data-attachment-id=\"5622\" data-permalink=\"https:\/\/www.catholic.az\/az\/azerbaycanin-xristian-icmalarinin-rehberleri-ve-numayendeleri-xristianlarin-birliyi-ucun-birge-dua-edib-2\/3-12\/\" data-orig-file=\"https:\/\/www.catholic.az\/az\/wp-content\/uploads\/2026\/02\/3.jpeg\" data-orig-size=\"1600,721\" data-comments-opened=\"0\" data-image-meta=\"{&quot;aperture&quot;:&quot;0&quot;,&quot;credit&quot;:&quot;&quot;,&quot;camera&quot;:&quot;&quot;,&quot;caption&quot;:&quot;&quot;,&quot;created_timestamp&quot;:&quot;0&quot;,&quot;copyright&quot;:&quot;&quot;,&quot;focal_length&quot;:&quot;0&quot;,&quot;iso&quot;:&quot;0&quot;,&quot;shutter_speed&quot;:&quot;0&quot;,&quot;title&quot;:&quot;&quot;,&quot;orientation&quot;:&quot;0&quot;}\" data-image-title=\"3\" data-image-description=\"\" data-image-caption=\"\" data-medium-file=\"https:\/\/www.catholic.az\/az\/wp-content\/uploads\/2026\/02\/3-300x135.jpeg\" data-large-file=\"https:\/\/www.catholic.az\/az\/wp-content\/uploads\/2026\/02\/3-1024x461.jpeg\" class=\"alignnone size-medium wp-image-5622\" src=\"https:\/\/www.catholic.az\/az\/wp-content\/uploads\/2026\/02\/3-300x135.jpeg\" alt=\"\" width=\"300\" height=\"135\" srcset=\"https:\/\/www.catholic.az\/az\/wp-content\/uploads\/2026\/02\/3-300x135.jpeg 300w, https:\/\/www.catholic.az\/az\/wp-content\/uploads\/2026\/02\/3-1024x461.jpeg 1024w, https:\/\/www.catholic.az\/az\/wp-content\/uploads\/2026\/02\/3-768x346.jpeg 768w, https:\/\/www.catholic.az\/az\/wp-content\/uploads\/2026\/02\/3-1536x692.jpeg 1536w, https:\/\/www.catholic.az\/az\/wp-content\/uploads\/2026\/02\/3.jpeg 1600w\" sizes=\"auto, (max-width: 300px) 100vw, 300px\" \/><\/a> <a href=\"https:\/\/www.catholic.az\/az\/wp-content\/uploads\/2026\/02\/4.jpeg\"><img loading=\"lazy\" decoding=\"async\" data-attachment-id=\"5623\" data-permalink=\"https:\/\/www.catholic.az\/az\/azerbaycanin-xristian-icmalarinin-rehberleri-ve-numayendeleri-xristianlarin-birliyi-ucun-birge-dua-edib-2\/4-15\/\" data-orig-file=\"https:\/\/www.catholic.az\/az\/wp-content\/uploads\/2026\/02\/4.jpeg\" data-orig-size=\"1600,721\" data-comments-opened=\"0\" data-image-meta=\"{&quot;aperture&quot;:&quot;0&quot;,&quot;credit&quot;:&quot;&quot;,&quot;camera&quot;:&quot;&quot;,&quot;caption&quot;:&quot;&quot;,&quot;created_timestamp&quot;:&quot;0&quot;,&quot;copyright&quot;:&quot;&quot;,&quot;focal_length&quot;:&quot;0&quot;,&quot;iso&quot;:&quot;0&quot;,&quot;shutter_speed&quot;:&quot;0&quot;,&quot;title&quot;:&quot;&quot;,&quot;orientation&quot;:&quot;0&quot;}\" data-image-title=\"4\" data-image-description=\"\" data-image-caption=\"\" data-medium-file=\"https:\/\/www.catholic.az\/az\/wp-content\/uploads\/2026\/02\/4-300x135.jpeg\" data-large-file=\"https:\/\/www.catholic.az\/az\/wp-content\/uploads\/2026\/02\/4-1024x461.jpeg\" class=\"alignnone size-medium wp-image-5623\" src=\"https:\/\/www.catholic.az\/az\/wp-content\/uploads\/2026\/02\/4-300x135.jpeg\" alt=\"\" width=\"300\" height=\"135\" srcset=\"https:\/\/www.catholic.az\/az\/wp-content\/uploads\/2026\/02\/4-300x135.jpeg 300w, https:\/\/www.catholic.az\/az\/wp-content\/uploads\/2026\/02\/4-1024x461.jpeg 1024w, https:\/\/www.catholic.az\/az\/wp-content\/uploads\/2026\/02\/4-768x346.jpeg 768w, https:\/\/www.catholic.az\/az\/wp-content\/uploads\/2026\/02\/4-1536x692.jpeg 1536w, https:\/\/www.catholic.az\/az\/wp-content\/uploads\/2026\/02\/4.jpeg 1600w\" sizes=\"auto, (max-width: 300px) 100vw, 300px\" \/><\/a> <a href=\"https:\/\/www.catholic.az\/az\/wp-content\/uploads\/2026\/02\/5.jpeg\"><img loading=\"lazy\" decoding=\"async\" data-attachment-id=\"5624\" data-permalink=\"https:\/\/www.catholic.az\/az\/azerbaycanin-xristian-icmalarinin-rehberleri-ve-numayendeleri-xristianlarin-birliyi-ucun-birge-dua-edib-2\/5-12\/\" data-orig-file=\"https:\/\/www.catholic.az\/az\/wp-content\/uploads\/2026\/02\/5.jpeg\" data-orig-size=\"1600,1200\" data-comments-opened=\"0\" data-image-meta=\"{&quot;aperture&quot;:&quot;0&quot;,&quot;credit&quot;:&quot;&quot;,&quot;camera&quot;:&quot;&quot;,&quot;caption&quot;:&quot;&quot;,&quot;created_timestamp&quot;:&quot;0&quot;,&quot;copyright&quot;:&quot;&quot;,&quot;focal_length&quot;:&quot;0&quot;,&quot;iso&quot;:&quot;0&quot;,&quot;shutter_speed&quot;:&quot;0&quot;,&quot;title&quot;:&quot;&quot;,&quot;orientation&quot;:&quot;0&quot;}\" data-image-title=\"5\" data-image-description=\"\" data-image-caption=\"\" data-medium-file=\"https:\/\/www.catholic.az\/az\/wp-content\/uploads\/2026\/02\/5-300x225.jpeg\" data-large-file=\"https:\/\/www.catholic.az\/az\/wp-content\/uploads\/2026\/02\/5-1024x768.jpeg\" class=\"alignnone size-medium wp-image-5624\" src=\"https:\/\/www.catholic.az\/az\/wp-content\/uploads\/2026\/02\/5-300x225.jpeg\" alt=\"\" width=\"300\" height=\"225\" srcset=\"https:\/\/www.catholic.az\/az\/wp-content\/uploads\/2026\/02\/5-300x225.jpeg 300w, https:\/\/www.catholic.az\/az\/wp-content\/uploads\/2026\/02\/5-1024x768.jpeg 1024w, https:\/\/www.catholic.az\/az\/wp-content\/uploads\/2026\/02\/5-768x576.jpeg 768w, https:\/\/www.catholic.az\/az\/wp-content\/uploads\/2026\/02\/5-1536x1152.jpeg 1536w, https:\/\/www.catholic.az\/az\/wp-content\/uploads\/2026\/02\/5.jpeg 1600w\" sizes=\"auto, (max-width: 300px) 100vw, 300px\" \/><\/a> <a href=\"https:\/\/www.catholic.az\/az\/wp-content\/uploads\/2026\/02\/151-scaled.jpeg\"><img loading=\"lazy\" decoding=\"async\" data-attachment-id=\"5625\" data-permalink=\"https:\/\/www.catholic.az\/az\/azerbaycanin-xristian-icmalarinin-rehberleri-ve-numayendeleri-xristianlarin-birliyi-ucun-birge-dua-edib-2\/attachment\/151\/\" data-orig-file=\"https:\/\/www.catholic.az\/az\/wp-content\/uploads\/2026\/02\/151-scaled.jpeg\" data-orig-size=\"2560,1920\" data-comments-opened=\"0\" data-image-meta=\"{&quot;aperture&quot;:&quot;0&quot;,&quot;credit&quot;:&quot;&quot;,&quot;camera&quot;:&quot;&quot;,&quot;caption&quot;:&quot;&quot;,&quot;created_timestamp&quot;:&quot;0&quot;,&quot;copyright&quot;:&quot;&quot;,&quot;focal_length&quot;:&quot;0&quot;,&quot;iso&quot;:&quot;0&quot;,&quot;shutter_speed&quot;:&quot;0&quot;,&quot;title&quot;:&quot;&quot;,&quot;orientation&quot;:&quot;0&quot;}\" data-image-title=\"151\" data-image-description=\"\" data-image-caption=\"\" data-medium-file=\"https:\/\/www.catholic.az\/az\/wp-content\/uploads\/2026\/02\/151-300x225.jpeg\" data-large-file=\"https:\/\/www.catholic.az\/az\/wp-content\/uploads\/2026\/02\/151-1024x768.jpeg\" class=\"alignnone size-medium wp-image-5625\" src=\"https:\/\/www.catholic.az\/az\/wp-content\/uploads\/2026\/02\/151-300x225.jpeg\" alt=\"\" width=\"300\" height=\"225\" srcset=\"https:\/\/www.catholic.az\/az\/wp-content\/uploads\/2026\/02\/151-300x225.jpeg 300w, https:\/\/www.catholic.az\/az\/wp-content\/uploads\/2026\/02\/151-1024x768.jpeg 1024w, https:\/\/www.catholic.az\/az\/wp-content\/uploads\/2026\/02\/151-768x576.jpeg 768w, https:\/\/www.catholic.az\/az\/wp-content\/uploads\/2026\/02\/151-1536x1152.jpeg 1536w, https:\/\/www.catholic.az\/az\/wp-content\/uploads\/2026\/02\/151-2048x1536.jpeg 2048w\" sizes=\"auto, (max-width: 300px) 100vw, 300px\" \/><\/a> <a href=\"https:\/\/www.catholic.az\/az\/wp-content\/uploads\/2026\/02\/7.jpeg\"><img loading=\"lazy\" decoding=\"async\" data-attachment-id=\"5626\" data-permalink=\"https:\/\/www.catholic.az\/az\/azerbaycanin-xristian-icmalarinin-rehberleri-ve-numayendeleri-xristianlarin-birliyi-ucun-birge-dua-edib-2\/7-11\/\" data-orig-file=\"https:\/\/www.catholic.az\/az\/wp-content\/uploads\/2026\/02\/7.jpeg\" data-orig-size=\"1600,1200\" data-comments-opened=\"0\" data-image-meta=\"{&quot;aperture&quot;:&quot;0&quot;,&quot;credit&quot;:&quot;&quot;,&quot;camera&quot;:&quot;&quot;,&quot;caption&quot;:&quot;&quot;,&quot;created_timestamp&quot;:&quot;0&quot;,&quot;copyright&quot;:&quot;&quot;,&quot;focal_length&quot;:&quot;0&quot;,&quot;iso&quot;:&quot;0&quot;,&quot;shutter_speed&quot;:&quot;0&quot;,&quot;title&quot;:&quot;&quot;,&quot;orientation&quot;:&quot;0&quot;}\" data-image-title=\"7\" data-image-description=\"\" data-image-caption=\"\" data-medium-file=\"https:\/\/www.catholic.az\/az\/wp-content\/uploads\/2026\/02\/7-300x225.jpeg\" data-large-file=\"https:\/\/www.catholic.az\/az\/wp-content\/uploads\/2026\/02\/7-1024x768.jpeg\" class=\"alignnone size-medium wp-image-5626\" src=\"https:\/\/www.catholic.az\/az\/wp-content\/uploads\/2026\/02\/7-300x225.jpeg\" alt=\"\" width=\"300\" height=\"225\" srcset=\"https:\/\/www.catholic.az\/az\/wp-content\/uploads\/2026\/02\/7-300x225.jpeg 300w, https:\/\/www.catholic.az\/az\/wp-content\/uploads\/2026\/02\/7-1024x768.jpeg 1024w, https:\/\/www.catholic.az\/az\/wp-content\/uploads\/2026\/02\/7-768x576.jpeg 768w, https:\/\/www.catholic.az\/az\/wp-content\/uploads\/2026\/02\/7-1536x1152.jpeg 1536w, https:\/\/www.catholic.az\/az\/wp-content\/uploads\/2026\/02\/7.jpeg 1600w\" sizes=\"auto, (max-width: 300px) 100vw, 300px\" \/><\/a> <a href=\"https:\/\/www.catholic.az\/az\/wp-content\/uploads\/2026\/02\/8.jpeg\"><img loading=\"lazy\" decoding=\"async\" data-attachment-id=\"5627\" data-permalink=\"https:\/\/www.catholic.az\/az\/azerbaycanin-xristian-icmalarinin-rehberleri-ve-numayendeleri-xristianlarin-birliyi-ucun-birge-dua-edib-2\/8-8\/\" data-orig-file=\"https:\/\/www.catholic.az\/az\/wp-content\/uploads\/2026\/02\/8.jpeg\" data-orig-size=\"1200,1600\" data-comments-opened=\"0\" data-image-meta=\"{&quot;aperture&quot;:&quot;0&quot;,&quot;credit&quot;:&quot;&quot;,&quot;camera&quot;:&quot;&quot;,&quot;caption&quot;:&quot;&quot;,&quot;created_timestamp&quot;:&quot;0&quot;,&quot;copyright&quot;:&quot;&quot;,&quot;focal_length&quot;:&quot;0&quot;,&quot;iso&quot;:&quot;0&quot;,&quot;shutter_speed&quot;:&quot;0&quot;,&quot;title&quot;:&quot;&quot;,&quot;orientation&quot;:&quot;0&quot;}\" data-image-title=\"8\" data-image-description=\"\" data-image-caption=\"\" data-medium-file=\"https:\/\/www.catholic.az\/az\/wp-content\/uploads\/2026\/02\/8-225x300.jpeg\" data-large-file=\"https:\/\/www.catholic.az\/az\/wp-content\/uploads\/2026\/02\/8-768x1024.jpeg\" class=\"alignnone size-medium wp-image-5627\" src=\"https:\/\/www.catholic.az\/az\/wp-content\/uploads\/2026\/02\/8-225x300.jpeg\" alt=\"\" width=\"225\" height=\"300\" srcset=\"https:\/\/www.catholic.az\/az\/wp-content\/uploads\/2026\/02\/8-225x300.jpeg 225w, https:\/\/www.catholic.az\/az\/wp-content\/uploads\/2026\/02\/8-768x1024.jpeg 768w, https:\/\/www.catholic.az\/az\/wp-content\/uploads\/2026\/02\/8-1152x1536.jpeg 1152w, https:\/\/www.catholic.az\/az\/wp-content\/uploads\/2026\/02\/8.jpeg 1200w\" sizes=\"auto, (max-width: 225px) 100vw, 225px\" \/><\/a> <a href=\"https:\/\/www.catholic.az\/az\/wp-content\/uploads\/2026\/02\/9.jpeg\"><img loading=\"lazy\" decoding=\"async\" data-attachment-id=\"5628\" data-permalink=\"https:\/\/www.catholic.az\/az\/azerbaycanin-xristian-icmalarinin-rehberleri-ve-numayendeleri-xristianlarin-birliyi-ucun-birge-dua-edib-2\/9-8\/\" data-orig-file=\"https:\/\/www.catholic.az\/az\/wp-content\/uploads\/2026\/02\/9.jpeg\" data-orig-size=\"1200,1600\" data-comments-opened=\"0\" data-image-meta=\"{&quot;aperture&quot;:&quot;0&quot;,&quot;credit&quot;:&quot;&quot;,&quot;camera&quot;:&quot;&quot;,&quot;caption&quot;:&quot;&quot;,&quot;created_timestamp&quot;:&quot;0&quot;,&quot;copyright&quot;:&quot;&quot;,&quot;focal_length&quot;:&quot;0&quot;,&quot;iso&quot;:&quot;0&quot;,&quot;shutter_speed&quot;:&quot;0&quot;,&quot;title&quot;:&quot;&quot;,&quot;orientation&quot;:&quot;0&quot;}\" data-image-title=\"9\" data-image-description=\"\" data-image-caption=\"\" data-medium-file=\"https:\/\/www.catholic.az\/az\/wp-content\/uploads\/2026\/02\/9-225x300.jpeg\" data-large-file=\"https:\/\/www.catholic.az\/az\/wp-content\/uploads\/2026\/02\/9-768x1024.jpeg\" class=\"alignnone size-medium wp-image-5628\" src=\"https:\/\/www.catholic.az\/az\/wp-content\/uploads\/2026\/02\/9-225x300.jpeg\" alt=\"\" width=\"225\" height=\"300\" srcset=\"https:\/\/www.catholic.az\/az\/wp-content\/uploads\/2026\/02\/9-225x300.jpeg 225w, https:\/\/www.catholic.az\/az\/wp-content\/uploads\/2026\/02\/9-768x1024.jpeg 768w, https:\/\/www.catholic.az\/az\/wp-content\/uploads\/2026\/02\/9-1152x1536.jpeg 1152w, https:\/\/www.catholic.az\/az\/wp-content\/uploads\/2026\/02\/9.jpeg 1200w\" sizes=\"auto, (max-width: 225px) 100vw, 225px\" \/><\/a> <a href=\"https:\/\/www.catholic.az\/az\/wp-content\/uploads\/2026\/02\/10.jpeg\"><img loading=\"lazy\" decoding=\"async\" data-attachment-id=\"5629\" data-permalink=\"https:\/\/www.catholic.az\/az\/azerbaycanin-xristian-icmalarinin-rehberleri-ve-numayendeleri-xristianlarin-birliyi-ucun-birge-dua-edib-2\/10-10\/\" data-orig-file=\"https:\/\/www.catholic.az\/az\/wp-content\/uploads\/2026\/02\/10.jpeg\" data-orig-size=\"1200,1600\" data-comments-opened=\"0\" data-image-meta=\"{&quot;aperture&quot;:&quot;0&quot;,&quot;credit&quot;:&quot;&quot;,&quot;camera&quot;:&quot;&quot;,&quot;caption&quot;:&quot;&quot;,&quot;created_timestamp&quot;:&quot;0&quot;,&quot;copyright&quot;:&quot;&quot;,&quot;focal_length&quot;:&quot;0&quot;,&quot;iso&quot;:&quot;0&quot;,&quot;shutter_speed&quot;:&quot;0&quot;,&quot;title&quot;:&quot;&quot;,&quot;orientation&quot;:&quot;0&quot;}\" data-image-title=\"10\" data-image-description=\"\" data-image-caption=\"\" data-medium-file=\"https:\/\/www.catholic.az\/az\/wp-content\/uploads\/2026\/02\/10-225x300.jpeg\" data-large-file=\"https:\/\/www.catholic.az\/az\/wp-content\/uploads\/2026\/02\/10-768x1024.jpeg\" class=\"alignnone size-medium wp-image-5629\" src=\"https:\/\/www.catholic.az\/az\/wp-content\/uploads\/2026\/02\/10-225x300.jpeg\" alt=\"\" width=\"225\" height=\"300\" srcset=\"https:\/\/www.catholic.az\/az\/wp-content\/uploads\/2026\/02\/10-225x300.jpeg 225w, https:\/\/www.catholic.az\/az\/wp-content\/uploads\/2026\/02\/10-768x1024.jpeg 768w, https:\/\/www.catholic.az\/az\/wp-content\/uploads\/2026\/02\/10-1152x1536.jpeg 1152w, https:\/\/www.catholic.az\/az\/wp-content\/uploads\/2026\/02\/10.jpeg 1200w\" sizes=\"auto, (max-width: 225px) 100vw, 225px\" \/><\/a> <a href=\"https:\/\/www.catholic.az\/az\/wp-content\/uploads\/2026\/02\/11.jpeg\"><img loading=\"lazy\" decoding=\"async\" data-attachment-id=\"5630\" data-permalink=\"https:\/\/www.catholic.az\/az\/azerbaycanin-xristian-icmalarinin-rehberleri-ve-numayendeleri-xristianlarin-birliyi-ucun-birge-dua-edib-2\/11-7\/\" data-orig-file=\"https:\/\/www.catholic.az\/az\/wp-content\/uploads\/2026\/02\/11.jpeg\" data-orig-size=\"1600,1200\" data-comments-opened=\"0\" data-image-meta=\"{&quot;aperture&quot;:&quot;0&quot;,&quot;credit&quot;:&quot;&quot;,&quot;camera&quot;:&quot;&quot;,&quot;caption&quot;:&quot;&quot;,&quot;created_timestamp&quot;:&quot;0&quot;,&quot;copyright&quot;:&quot;&quot;,&quot;focal_length&quot;:&quot;0&quot;,&quot;iso&quot;:&quot;0&quot;,&quot;shutter_speed&quot;:&quot;0&quot;,&quot;title&quot;:&quot;&quot;,&quot;orientation&quot;:&quot;0&quot;}\" data-image-title=\"11\" data-image-description=\"\" data-image-caption=\"\" data-medium-file=\"https:\/\/www.catholic.az\/az\/wp-content\/uploads\/2026\/02\/11-300x225.jpeg\" data-large-file=\"https:\/\/www.catholic.az\/az\/wp-content\/uploads\/2026\/02\/11-1024x768.jpeg\" class=\"alignnone size-medium wp-image-5630\" src=\"https:\/\/www.catholic.az\/az\/wp-content\/uploads\/2026\/02\/11-300x225.jpeg\" alt=\"\" width=\"300\" height=\"225\" srcset=\"https:\/\/www.catholic.az\/az\/wp-content\/uploads\/2026\/02\/11-300x225.jpeg 300w, https:\/\/www.catholic.az\/az\/wp-content\/uploads\/2026\/02\/11-1024x768.jpeg 1024w, https:\/\/www.catholic.az\/az\/wp-content\/uploads\/2026\/02\/11-768x576.jpeg 768w, https:\/\/www.catholic.az\/az\/wp-content\/uploads\/2026\/02\/11-1536x1152.jpeg 1536w, https:\/\/www.catholic.az\/az\/wp-content\/uploads\/2026\/02\/11.jpeg 1600w\" sizes=\"auto, (max-width: 300px) 100vw, 300px\" \/><\/a> <a href=\"https:\/\/www.catholic.az\/az\/wp-content\/uploads\/2026\/02\/12.jpeg\"><img loading=\"lazy\" decoding=\"async\" data-attachment-id=\"5631\" data-permalink=\"https:\/\/www.catholic.az\/az\/azerbaycanin-xristian-icmalarinin-rehberleri-ve-numayendeleri-xristianlarin-birliyi-ucun-birge-dua-edib-2\/12-8\/\" data-orig-file=\"https:\/\/www.catholic.az\/az\/wp-content\/uploads\/2026\/02\/12.jpeg\" data-orig-size=\"1200,1600\" data-comments-opened=\"0\" data-image-meta=\"{&quot;aperture&quot;:&quot;0&quot;,&quot;credit&quot;:&quot;&quot;,&quot;camera&quot;:&quot;&quot;,&quot;caption&quot;:&quot;&quot;,&quot;created_timestamp&quot;:&quot;0&quot;,&quot;copyright&quot;:&quot;&quot;,&quot;focal_length&quot;:&quot;0&quot;,&quot;iso&quot;:&quot;0&quot;,&quot;shutter_speed&quot;:&quot;0&quot;,&quot;title&quot;:&quot;&quot;,&quot;orientation&quot;:&quot;0&quot;}\" data-image-title=\"12\" data-image-description=\"\" data-image-caption=\"\" data-medium-file=\"https:\/\/www.catholic.az\/az\/wp-content\/uploads\/2026\/02\/12-225x300.jpeg\" data-large-file=\"https:\/\/www.catholic.az\/az\/wp-content\/uploads\/2026\/02\/12-768x1024.jpeg\" class=\"alignnone size-medium wp-image-5631\" src=\"https:\/\/www.catholic.az\/az\/wp-content\/uploads\/2026\/02\/12-225x300.jpeg\" alt=\"\" width=\"225\" height=\"300\" srcset=\"https:\/\/www.catholic.az\/az\/wp-content\/uploads\/2026\/02\/12-225x300.jpeg 225w, https:\/\/www.catholic.az\/az\/wp-content\/uploads\/2026\/02\/12-768x1024.jpeg 768w, https:\/\/www.catholic.az\/az\/wp-content\/uploads\/2026\/02\/12-1152x1536.jpeg 1152w, https:\/\/www.catholic.az\/az\/wp-content\/uploads\/2026\/02\/12.jpeg 1200w\" sizes=\"auto, (max-width: 225px) 100vw, 225px\" \/><\/a> <a href=\"https:\/\/www.catholic.az\/az\/wp-content\/uploads\/2026\/02\/13.jpeg\"><img loading=\"lazy\" decoding=\"async\" data-attachment-id=\"5632\" data-permalink=\"https:\/\/www.catholic.az\/az\/azerbaycanin-xristian-icmalarinin-rehberleri-ve-numayendeleri-xristianlarin-birliyi-ucun-birge-dua-edib-2\/13-9\/\" data-orig-file=\"https:\/\/www.catholic.az\/az\/wp-content\/uploads\/2026\/02\/13.jpeg\" data-orig-size=\"1200,1600\" data-comments-opened=\"0\" data-image-meta=\"{&quot;aperture&quot;:&quot;0&quot;,&quot;credit&quot;:&quot;&quot;,&quot;camera&quot;:&quot;&quot;,&quot;caption&quot;:&quot;&quot;,&quot;created_timestamp&quot;:&quot;0&quot;,&quot;copyright&quot;:&quot;&quot;,&quot;focal_length&quot;:&quot;0&quot;,&quot;iso&quot;:&quot;0&quot;,&quot;shutter_speed&quot;:&quot;0&quot;,&quot;title&quot;:&quot;&quot;,&quot;orientation&quot;:&quot;0&quot;}\" data-image-title=\"13\" data-image-description=\"\" data-image-caption=\"\" data-medium-file=\"https:\/\/www.catholic.az\/az\/wp-content\/uploads\/2026\/02\/13-225x300.jpeg\" data-large-file=\"https:\/\/www.catholic.az\/az\/wp-content\/uploads\/2026\/02\/13-768x1024.jpeg\" class=\"alignnone size-medium wp-image-5632\" src=\"https:\/\/www.catholic.az\/az\/wp-content\/uploads\/2026\/02\/13-225x300.jpeg\" alt=\"\" width=\"225\" height=\"300\" srcset=\"https:\/\/www.catholic.az\/az\/wp-content\/uploads\/2026\/02\/13-225x300.jpeg 225w, https:\/\/www.catholic.az\/az\/wp-content\/uploads\/2026\/02\/13-768x1024.jpeg 768w, https:\/\/www.catholic.az\/az\/wp-content\/uploads\/2026\/02\/13-1152x1536.jpeg 1152w, https:\/\/www.catholic.az\/az\/wp-content\/uploads\/2026\/02\/13.jpeg 1200w\" sizes=\"auto, (max-width: 225px) 100vw, 225px\" \/><\/a> <a href=\"https:\/\/www.catholic.az\/az\/wp-content\/uploads\/2026\/02\/14.jpeg\"><img loading=\"lazy\" decoding=\"async\" data-attachment-id=\"5633\" data-permalink=\"https:\/\/www.catholic.az\/az\/azerbaycanin-xristian-icmalarinin-rehberleri-ve-numayendeleri-xristianlarin-birliyi-ucun-birge-dua-edib-2\/14-8\/\" data-orig-file=\"https:\/\/www.catholic.az\/az\/wp-content\/uploads\/2026\/02\/14.jpeg\" data-orig-size=\"1600,1200\" data-comments-opened=\"0\" data-image-meta=\"{&quot;aperture&quot;:&quot;0&quot;,&quot;credit&quot;:&quot;&quot;,&quot;camera&quot;:&quot;&quot;,&quot;caption&quot;:&quot;&quot;,&quot;created_timestamp&quot;:&quot;0&quot;,&quot;copyright&quot;:&quot;&quot;,&quot;focal_length&quot;:&quot;0&quot;,&quot;iso&quot;:&quot;0&quot;,&quot;shutter_speed&quot;:&quot;0&quot;,&quot;title&quot;:&quot;&quot;,&quot;orientation&quot;:&quot;0&quot;}\" data-image-title=\"14\" data-image-description=\"\" data-image-caption=\"\" data-medium-file=\"https:\/\/www.catholic.az\/az\/wp-content\/uploads\/2026\/02\/14-300x225.jpeg\" data-large-file=\"https:\/\/www.catholic.az\/az\/wp-content\/uploads\/2026\/02\/14-1024x768.jpeg\" class=\"alignnone size-medium wp-image-5633\" src=\"https:\/\/www.catholic.az\/az\/wp-content\/uploads\/2026\/02\/14-300x225.jpeg\" alt=\"\" width=\"300\" height=\"225\" srcset=\"https:\/\/www.catholic.az\/az\/wp-content\/uploads\/2026\/02\/14-300x225.jpeg 300w, https:\/\/www.catholic.az\/az\/wp-content\/uploads\/2026\/02\/14-1024x768.jpeg 1024w, https:\/\/www.catholic.az\/az\/wp-content\/uploads\/2026\/02\/14-768x576.jpeg 768w, https:\/\/www.catholic.az\/az\/wp-content\/uploads\/2026\/02\/14-1536x1152.jpeg 1536w, https:\/\/www.catholic.az\/az\/wp-content\/uploads\/2026\/02\/14.jpeg 1600w\" sizes=\"auto, (max-width: 300px) 100vw, 300px\" \/><\/a> <a href=\"https:\/\/www.catholic.az\/az\/wp-content\/uploads\/2026\/02\/15.jpeg\"><img loading=\"lazy\" decoding=\"async\" data-attachment-id=\"5634\" data-permalink=\"https:\/\/www.catholic.az\/az\/azerbaycanin-xristian-icmalarinin-rehberleri-ve-numayendeleri-xristianlarin-birliyi-ucun-birge-dua-edib-2\/15-5\/\" data-orig-file=\"https:\/\/www.catholic.az\/az\/wp-content\/uploads\/2026\/02\/15.jpeg\" data-orig-size=\"1200,1600\" data-comments-opened=\"0\" data-image-meta=\"{&quot;aperture&quot;:&quot;0&quot;,&quot;credit&quot;:&quot;&quot;,&quot;camera&quot;:&quot;&quot;,&quot;caption&quot;:&quot;&quot;,&quot;created_timestamp&quot;:&quot;0&quot;,&quot;copyright&quot;:&quot;&quot;,&quot;focal_length&quot;:&quot;0&quot;,&quot;iso&quot;:&quot;0&quot;,&quot;shutter_speed&quot;:&quot;0&quot;,&quot;title&quot;:&quot;&quot;,&quot;orientation&quot;:&quot;0&quot;}\" data-image-title=\"15\" data-image-description=\"\" data-image-caption=\"\" data-medium-file=\"https:\/\/www.catholic.az\/az\/wp-content\/uploads\/2026\/02\/15-225x300.jpeg\" data-large-file=\"https:\/\/www.catholic.az\/az\/wp-content\/uploads\/2026\/02\/15-768x1024.jpeg\" class=\"alignnone size-medium wp-image-5634\" src=\"https:\/\/www.catholic.az\/az\/wp-content\/uploads\/2026\/02\/15-225x300.jpeg\" alt=\"\" width=\"225\" height=\"300\" srcset=\"https:\/\/www.catholic.az\/az\/wp-content\/uploads\/2026\/02\/15-225x300.jpeg 225w, https:\/\/www.catholic.az\/az\/wp-content\/uploads\/2026\/02\/15-768x1024.jpeg 768w, https:\/\/www.catholic.az\/az\/wp-content\/uploads\/2026\/02\/15-1152x1536.jpeg 1152w, https:\/\/www.catholic.az\/az\/wp-content\/uploads\/2026\/02\/15.jpeg 1200w\" sizes=\"auto, (max-width: 225px) 100vw, 225px\" \/><\/a><\/div>\n","protected":false},"excerpt":{"rendered":"<p>Yanvar\u0131n 19-da, yepiskop Vladimir Fekete-nin ba\u015f\u00e7\u0131l\u0131\u011f\u0131 il\u0259 Bak\u0131n\u0131n M\u00fcq\u0259dd\u0259s M\u0259ry\u0259m katolik kils\u0259sind\u0259 xristianlar\u0131n birliyi \u00fc\u00e7\u00fcn \u00fcmumxristian dua m\u0259rasimi ke\u00e7irilib. Birlik, t\u0259kc\u0259 ideal deyil, h\u0259m d\u0259 Kils\u0259nin \u00e7a\u011f\u0131r\u0131\u015f\u0131n\u0131n mahiyy\u0259ti kimi xristian [&hellip;]<\/p>\n","protected":false},"author":4,"featured_media":5625,"comment_status":"closed","ping_status":"open","sticky":false,"template":"","format":"standard","meta":{"jetpack_post_was_ever_published":false,"_jetpack_newsletter_access":"","_jetpack_dont_email_post_to_subs":false,"_jetpack_newsletter_tier_id":0,"_jetpack_memberships_contains_paywalled_content":false,"_jetpack_memberships_contains_paid_content":false,"footnotes":"","jetpack_publicize_message":"","jetpack_publicize_feature_enabled":true,"jetpack_social_post_already_shared":true,"jetpack_social_options":{"image_generator_settings":{"template":"highway","default_image_id":0,"font":"","enabled":false},"version":2}},"categories":[1],"tags":[],"class_list":["post-5619","post","type-post","status-publish","format-standard","has-post-thumbnail","hentry","category-uncategorized"],"jetpack_publicize_connections":[],"jetpack_featured_media_url":"https:\/\/www.catholic.az\/az\/wp-content\/uploads\/2026\/02\/151-scaled.jpeg","jetpack_sharing_enabled":true,"jetpack_shortlink":"https:\/\/wp.me\/p2X63J-1sD","_links":{"self":[{"href":"https:\/\/www.catholic.az\/az\/wp-json\/wp\/v2\/posts\/5619","targetHints":{"allow":["GET"]}}],"collection":[{"href":"https:\/\/www.catholic.az\/az\/wp-json\/wp\/v2\/posts"}],"about":[{"href":"https:\/\/www.catholic.az\/az\/wp-json\/wp\/v2\/types\/post"}],"author":[{"embeddable":true,"href":"https:\/\/www.catholic.az\/az\/wp-json\/wp\/v2\/users\/4"}],"replies":[{"embeddable":true,"href":"https:\/\/www.catholic.az\/az\/wp-json\/wp\/v2\/comments?post=5619"}],"version-history":[{"count":1,"href":"https:\/\/www.catholic.az\/az\/wp-json\/wp\/v2\/posts\/5619\/revisions"}],"predecessor-version":[{"id":5635,"href":"https:\/\/www.catholic.az\/az\/wp-json\/wp\/v2\/posts\/5619\/revisions\/5635"}],"wp:featuredmedia":[{"embeddable":true,"href":"https:\/\/www.catholic.az\/az\/wp-json\/wp\/v2\/media\/5625"}],"wp:attachment":[{"href":"https:\/\/www.catholic.az\/az\/wp-json\/wp\/v2\/media?parent=5619"}],"wp:term":[{"taxonomy":"category","embeddable":true,"href":"https:\/\/www.catholic.az\/az\/wp-json\/wp\/v2\/categories?post=5619"},{"taxonomy":"post_tag","embeddable":true,"href":"https:\/\/www.catholic.az\/az\/wp-json\/wp\/v2\/tags?post=5619"}],"curies":[{"name":"wp","href":"https:\/\/api.w.org\/{rel}","templated":true}]}}