{"id":5636,"date":"2026-01-20T15:57:14","date_gmt":"2026-01-20T11:57:14","guid":{"rendered":"https:\/\/www.catholic.az\/az\/?p=5636"},"modified":"2026-02-06T09:00:37","modified_gmt":"2026-02-06T05:00:37","slug":"azerbaycanin-dini-liderleri-sehidler-xiyabanini-ziyaret-edibler","status":"publish","type":"post","link":"https:\/\/www.catholic.az\/az\/azerbaycanin-dini-liderleri-sehidler-xiyabanini-ziyaret-edibler\/","title":{"rendered":"AZ\u018fRBAYCANIN D\u0130N\u0130 L\u0130DERL\u018fR\u0130 \u015e\u018fH\u0130DL\u018fR X\u0130YABANINI Z\u0130YAR\u018fT ED\u0130BL\u018fR"},"content":{"rendered":"<div class=\"x14z9mp xat24cr x1lziwak x1vvkbs xtlvy1s x126k92a\">\n<div dir=\"auto\">Az\u0259rbaycanda Katolik Kils\u0259sinin apostol prefekti yepiskop Vladimir Fekete \u015e\u0259hidl\u0259r Xiyaban\u0131n\u0131 ziyar\u0259t edib.<\/div>\n<\/div>\n<div class=\"x14z9mp xat24cr x1lziwak x1vvkbs xtlvy1s x126k92a\">\n<div dir=\"auto\">Qafqaz M\u00fcs\u0259lmanlar\u0131 \u0130dar\u0259sinin S\u0259dri \u015eeyx\u00fclislam Allah\u015f\u00fck\u00fcr Pa\u015fazad\u0259 ba\u015fda olmaqla \u00f6lk\u0259nin \u0259n\u0259n\u0259vi dini icmalar\u0131n\u0131n ba\u015f\u00e7\u0131lar\u0131 \u015e\u0259hidl\u0259r Xiyaban\u0131n\u0131 ziyar\u0259t ed\u0259r\u0259k 1990-c\u0131 il 20 yanvar gec\u0259si Az\u0259rbaycan\u0131n m\u00fcst\u0259qilliyi v\u0259 \u00f6lk\u0259nin \u0259razi b\u00fct\u00f6vl\u00fcy\u00fc u\u011frunda \u015f\u0259hid olanlar\u0131n xatir\u0259sini ehtiramla yad edib, onlar\u0131n d\u0259fn olundu\u011fu yer\u0259 g\u00fcl d\u0259st\u0259l\u0259ri d\u00fcz\u00fcbl\u0259r.<\/div>\n<div dir=\"auto\"><a href=\"https:\/\/www.catholic.az\/az\/wp-content\/uploads\/2026\/02\/617206086_1193394649585174_6520783029070018252_n.jpg\"><img loading=\"lazy\" decoding=\"async\" data-attachment-id=\"5637\" data-permalink=\"https:\/\/www.catholic.az\/az\/azerbaycanin-dini-liderleri-sehidler-xiyabanini-ziyaret-edibler\/617206086_1193394649585174_6520783029070018252_n\/\" data-orig-file=\"https:\/\/www.catholic.az\/az\/wp-content\/uploads\/2026\/02\/617206086_1193394649585174_6520783029070018252_n.jpg\" data-orig-size=\"1600,1200\" data-comments-opened=\"0\" data-image-meta=\"{&quot;aperture&quot;:&quot;0&quot;,&quot;credit&quot;:&quot;&quot;,&quot;camera&quot;:&quot;&quot;,&quot;caption&quot;:&quot;&quot;,&quot;created_timestamp&quot;:&quot;0&quot;,&quot;copyright&quot;:&quot;&quot;,&quot;focal_length&quot;:&quot;0&quot;,&quot;iso&quot;:&quot;0&quot;,&quot;shutter_speed&quot;:&quot;0&quot;,&quot;title&quot;:&quot;&quot;,&quot;orientation&quot;:&quot;0&quot;}\" data-image-title=\"617206086_1193394649585174_6520783029070018252_n\" data-image-description=\"\" data-image-caption=\"\" data-medium-file=\"https:\/\/www.catholic.az\/az\/wp-content\/uploads\/2026\/02\/617206086_1193394649585174_6520783029070018252_n-300x225.jpg\" data-large-file=\"https:\/\/www.catholic.az\/az\/wp-content\/uploads\/2026\/02\/617206086_1193394649585174_6520783029070018252_n-1024x768.jpg\" class=\"alignnone size-medium wp-image-5637\" src=\"https:\/\/www.catholic.az\/az\/wp-content\/uploads\/2026\/02\/617206086_1193394649585174_6520783029070018252_n-300x225.jpg\" alt=\"\" width=\"300\" height=\"225\" srcset=\"https:\/\/www.catholic.az\/az\/wp-content\/uploads\/2026\/02\/617206086_1193394649585174_6520783029070018252_n-300x225.jpg 300w, https:\/\/www.catholic.az\/az\/wp-content\/uploads\/2026\/02\/617206086_1193394649585174_6520783029070018252_n-1024x768.jpg 1024w, https:\/\/www.catholic.az\/az\/wp-content\/uploads\/2026\/02\/617206086_1193394649585174_6520783029070018252_n-768x576.jpg 768w, https:\/\/www.catholic.az\/az\/wp-content\/uploads\/2026\/02\/617206086_1193394649585174_6520783029070018252_n-1536x1152.jpg 1536w, https:\/\/www.catholic.az\/az\/wp-content\/uploads\/2026\/02\/617206086_1193394649585174_6520783029070018252_n.jpg 1600w\" sizes=\"auto, (max-width: 300px) 100vw, 300px\" \/><\/a> <a href=\"https:\/\/www.catholic.az\/az\/wp-content\/uploads\/2026\/02\/618732767_1193394616251844_5399108817234855047_n.jpg\"><img loading=\"lazy\" decoding=\"async\" data-attachment-id=\"5638\" data-permalink=\"https:\/\/www.catholic.az\/az\/azerbaycanin-dini-liderleri-sehidler-xiyabanini-ziyaret-edibler\/618732767_1193394616251844_5399108817234855047_n\/\" data-orig-file=\"https:\/\/www.catholic.az\/az\/wp-content\/uploads\/2026\/02\/618732767_1193394616251844_5399108817234855047_n.jpg\" data-orig-size=\"1600,1200\" data-comments-opened=\"0\" data-image-meta=\"{&quot;aperture&quot;:&quot;0&quot;,&quot;credit&quot;:&quot;&quot;,&quot;camera&quot;:&quot;&quot;,&quot;caption&quot;:&quot;&quot;,&quot;created_timestamp&quot;:&quot;0&quot;,&quot;copyright&quot;:&quot;&quot;,&quot;focal_length&quot;:&quot;0&quot;,&quot;iso&quot;:&quot;0&quot;,&quot;shutter_speed&quot;:&quot;0&quot;,&quot;title&quot;:&quot;&quot;,&quot;orientation&quot;:&quot;0&quot;}\" data-image-title=\"618732767_1193394616251844_5399108817234855047_n\" data-image-description=\"\" data-image-caption=\"\" data-medium-file=\"https:\/\/www.catholic.az\/az\/wp-content\/uploads\/2026\/02\/618732767_1193394616251844_5399108817234855047_n-300x225.jpg\" data-large-file=\"https:\/\/www.catholic.az\/az\/wp-content\/uploads\/2026\/02\/618732767_1193394616251844_5399108817234855047_n-1024x768.jpg\" class=\"alignnone size-medium wp-image-5638\" src=\"https:\/\/www.catholic.az\/az\/wp-content\/uploads\/2026\/02\/618732767_1193394616251844_5399108817234855047_n-300x225.jpg\" alt=\"\" width=\"300\" height=\"225\" srcset=\"https:\/\/www.catholic.az\/az\/wp-content\/uploads\/2026\/02\/618732767_1193394616251844_5399108817234855047_n-300x225.jpg 300w, https:\/\/www.catholic.az\/az\/wp-content\/uploads\/2026\/02\/618732767_1193394616251844_5399108817234855047_n-1024x768.jpg 1024w, https:\/\/www.catholic.az\/az\/wp-content\/uploads\/2026\/02\/618732767_1193394616251844_5399108817234855047_n-768x576.jpg 768w, https:\/\/www.catholic.az\/az\/wp-content\/uploads\/2026\/02\/618732767_1193394616251844_5399108817234855047_n-1536x1152.jpg 1536w, https:\/\/www.catholic.az\/az\/wp-content\/uploads\/2026\/02\/618732767_1193394616251844_5399108817234855047_n.jpg 1600w\" sizes=\"auto, (max-width: 300px) 100vw, 300px\" \/><\/a> <a href=\"https:\/\/www.catholic.az\/az\/wp-content\/uploads\/2026\/02\/618801667_1193394566251849_107319361899843683_n.jpg\"><img loading=\"lazy\" decoding=\"async\" data-attachment-id=\"5639\" data-permalink=\"https:\/\/www.catholic.az\/az\/azerbaycanin-dini-liderleri-sehidler-xiyabanini-ziyaret-edibler\/618801667_1193394566251849_107319361899843683_n\/\" data-orig-file=\"https:\/\/www.catholic.az\/az\/wp-content\/uploads\/2026\/02\/618801667_1193394566251849_107319361899843683_n.jpg\" data-orig-size=\"1600,1200\" data-comments-opened=\"0\" data-image-meta=\"{&quot;aperture&quot;:&quot;0&quot;,&quot;credit&quot;:&quot;&quot;,&quot;camera&quot;:&quot;&quot;,&quot;caption&quot;:&quot;&quot;,&quot;created_timestamp&quot;:&quot;0&quot;,&quot;copyright&quot;:&quot;&quot;,&quot;focal_length&quot;:&quot;0&quot;,&quot;iso&quot;:&quot;0&quot;,&quot;shutter_speed&quot;:&quot;0&quot;,&quot;title&quot;:&quot;&quot;,&quot;orientation&quot;:&quot;0&quot;}\" data-image-title=\"618801667_1193394566251849_107319361899843683_n\" data-image-description=\"\" data-image-caption=\"\" data-medium-file=\"https:\/\/www.catholic.az\/az\/wp-content\/uploads\/2026\/02\/618801667_1193394566251849_107319361899843683_n-300x225.jpg\" data-large-file=\"https:\/\/www.catholic.az\/az\/wp-content\/uploads\/2026\/02\/618801667_1193394566251849_107319361899843683_n-1024x768.jpg\" class=\"alignnone size-medium wp-image-5639\" src=\"https:\/\/www.catholic.az\/az\/wp-content\/uploads\/2026\/02\/618801667_1193394566251849_107319361899843683_n-300x225.jpg\" alt=\"\" width=\"300\" height=\"225\" srcset=\"https:\/\/www.catholic.az\/az\/wp-content\/uploads\/2026\/02\/618801667_1193394566251849_107319361899843683_n-300x225.jpg 300w, https:\/\/www.catholic.az\/az\/wp-content\/uploads\/2026\/02\/618801667_1193394566251849_107319361899843683_n-1024x768.jpg 1024w, https:\/\/www.catholic.az\/az\/wp-content\/uploads\/2026\/02\/618801667_1193394566251849_107319361899843683_n-768x576.jpg 768w, https:\/\/www.catholic.az\/az\/wp-content\/uploads\/2026\/02\/618801667_1193394566251849_107319361899843683_n-1536x1152.jpg 1536w, https:\/\/www.catholic.az\/az\/wp-content\/uploads\/2026\/02\/618801667_1193394566251849_107319361899843683_n.jpg 1600w\" sizes=\"auto, (max-width: 300px) 100vw, 300px\" \/><\/a> <a href=\"https:\/\/www.catholic.az\/az\/wp-content\/uploads\/2026\/02\/617999289_1193394536251852_1724895561545593914_n.jpg\"><img loading=\"lazy\" decoding=\"async\" data-attachment-id=\"5640\" data-permalink=\"https:\/\/www.catholic.az\/az\/azerbaycanin-dini-liderleri-sehidler-xiyabanini-ziyaret-edibler\/617999289_1193394536251852_1724895561545593914_n\/\" data-orig-file=\"https:\/\/www.catholic.az\/az\/wp-content\/uploads\/2026\/02\/617999289_1193394536251852_1724895561545593914_n.jpg\" data-orig-size=\"1600,1200\" data-comments-opened=\"0\" data-image-meta=\"{&quot;aperture&quot;:&quot;0&quot;,&quot;credit&quot;:&quot;&quot;,&quot;camera&quot;:&quot;&quot;,&quot;caption&quot;:&quot;&quot;,&quot;created_timestamp&quot;:&quot;0&quot;,&quot;copyright&quot;:&quot;&quot;,&quot;focal_length&quot;:&quot;0&quot;,&quot;iso&quot;:&quot;0&quot;,&quot;shutter_speed&quot;:&quot;0&quot;,&quot;title&quot;:&quot;&quot;,&quot;orientation&quot;:&quot;0&quot;}\" data-image-title=\"617999289_1193394536251852_1724895561545593914_n\" data-image-description=\"\" data-image-caption=\"\" data-medium-file=\"https:\/\/www.catholic.az\/az\/wp-content\/uploads\/2026\/02\/617999289_1193394536251852_1724895561545593914_n-300x225.jpg\" data-large-file=\"https:\/\/www.catholic.az\/az\/wp-content\/uploads\/2026\/02\/617999289_1193394536251852_1724895561545593914_n-1024x768.jpg\" class=\"alignnone size-medium wp-image-5640\" src=\"https:\/\/www.catholic.az\/az\/wp-content\/uploads\/2026\/02\/617999289_1193394536251852_1724895561545593914_n-300x225.jpg\" alt=\"\" width=\"300\" height=\"225\" srcset=\"https:\/\/www.catholic.az\/az\/wp-content\/uploads\/2026\/02\/617999289_1193394536251852_1724895561545593914_n-300x225.jpg 300w, https:\/\/www.catholic.az\/az\/wp-content\/uploads\/2026\/02\/617999289_1193394536251852_1724895561545593914_n-1024x768.jpg 1024w, https:\/\/www.catholic.az\/az\/wp-content\/uploads\/2026\/02\/617999289_1193394536251852_1724895561545593914_n-768x576.jpg 768w, https:\/\/www.catholic.az\/az\/wp-content\/uploads\/2026\/02\/617999289_1193394536251852_1724895561545593914_n-1536x1152.jpg 1536w, https:\/\/www.catholic.az\/az\/wp-content\/uploads\/2026\/02\/617999289_1193394536251852_1724895561545593914_n.jpg 1600w\" sizes=\"auto, (max-width: 300px) 100vw, 300px\" \/><\/a><\/div>\n<\/div>\n","protected":false},"excerpt":{"rendered":"<p>Az\u0259rbaycanda Katolik Kils\u0259sinin apostol prefekti yepiskop Vladimir Fekete \u015e\u0259hidl\u0259r Xiyaban\u0131n\u0131 ziyar\u0259t edib. Qafqaz M\u00fcs\u0259lmanlar\u0131 \u0130dar\u0259sinin S\u0259dri \u015eeyx\u00fclislam Allah\u015f\u00fck\u00fcr Pa\u015fazad\u0259 ba\u015fda olmaqla \u00f6lk\u0259nin \u0259n\u0259n\u0259vi dini icmalar\u0131n\u0131n ba\u015f\u00e7\u0131lar\u0131 \u015e\u0259hidl\u0259r Xiyaban\u0131n\u0131 ziyar\u0259t ed\u0259r\u0259k [&hellip;]<\/p>\n","protected":false},"author":4,"featured_media":5640,"comment_status":"closed","ping_status":"open","sticky":false,"template":"","format":"standard","meta":{"jetpack_post_was_ever_published":false,"_jetpack_newsletter_access":"","_jetpack_dont_email_post_to_subs":false,"_jetpack_newsletter_tier_id":0,"_jetpack_memberships_contains_paywalled_content":false,"_jetpack_memberships_contains_paid_content":false,"footnotes":"","jetpack_publicize_message":"","jetpack_publicize_feature_enabled":true,"jetpack_social_post_already_shared":true,"jetpack_social_options":{"image_generator_settings":{"template":"highway","default_image_id":0,"font":"","enabled":false},"version":2}},"categories":[1],"tags":[],"class_list":["post-5636","post","type-post","status-publish","format-standard","has-post-thumbnail","hentry","category-uncategorized"],"jetpack_publicize_connections":[],"jetpack_featured_media_url":"https:\/\/www.catholic.az\/az\/wp-content\/uploads\/2026\/02\/617999289_1193394536251852_1724895561545593914_n.jpg","jetpack_sharing_enabled":true,"jetpack_shortlink":"https:\/\/wp.me\/p2X63J-1sU","_links":{"self":[{"href":"https:\/\/www.catholic.az\/az\/wp-json\/wp\/v2\/posts\/5636","targetHints":{"allow":["GET"]}}],"collection":[{"href":"https:\/\/www.catholic.az\/az\/wp-json\/wp\/v2\/posts"}],"about":[{"href":"https:\/\/www.catholic.az\/az\/wp-json\/wp\/v2\/types\/post"}],"author":[{"embeddable":true,"href":"https:\/\/www.catholic.az\/az\/wp-json\/wp\/v2\/users\/4"}],"replies":[{"embeddable":true,"href":"https:\/\/www.catholic.az\/az\/wp-json\/wp\/v2\/comments?post=5636"}],"version-history":[{"count":1,"href":"https:\/\/www.catholic.az\/az\/wp-json\/wp\/v2\/posts\/5636\/revisions"}],"predecessor-version":[{"id":5641,"href":"https:\/\/www.catholic.az\/az\/wp-json\/wp\/v2\/posts\/5636\/revisions\/5641"}],"wp:featuredmedia":[{"embeddable":true,"href":"https:\/\/www.catholic.az\/az\/wp-json\/wp\/v2\/media\/5640"}],"wp:attachment":[{"href":"https:\/\/www.catholic.az\/az\/wp-json\/wp\/v2\/media?parent=5636"}],"wp:term":[{"taxonomy":"category","embeddable":true,"href":"https:\/\/www.catholic.az\/az\/wp-json\/wp\/v2\/categories?post=5636"},{"taxonomy":"post_tag","embeddable":true,"href":"https:\/\/www.catholic.az\/az\/wp-json\/wp\/v2\/tags?post=5636"}],"curies":[{"name":"wp","href":"https:\/\/api.w.org\/{rel}","templated":true}]}}