{"id":5642,"date":"2026-01-27T15:00:58","date_gmt":"2026-01-27T11:00:58","guid":{"rendered":"https:\/\/www.catholic.az\/az\/?p=5642"},"modified":"2026-02-06T09:04:19","modified_gmt":"2026-02-06T05:04:19","slug":"yepiskop-vladimir-fekete-holokost-qurbanlarina-hesr-olunmus-tedbirde-istirak-edib","status":"publish","type":"post","link":"https:\/\/www.catholic.az\/az\/yepiskop-vladimir-fekete-holokost-qurbanlarina-hesr-olunmus-tedbirde-istirak-edib\/","title":{"rendered":"YEP\u0130SKOP VLAD\u0130M\u0130R FEKETE HOLOKOST QURBANLARINA H\u018fSR OLUNMU\u015e T\u018fDB\u0130RD\u018f \u0130\u015eT\u0130RAK ED\u0130B"},"content":{"rendered":"<div dir=\"auto\">Bak\u0131 Tolerantl\u0131q Evind\u0259 &#8220;Holokost m\u00fcasirl\u0259rin g\u00f6z\u00fc il\u0259&#8221; m\u00f6vzusunda konfrans ke\u00e7irilib. T\u0259dbird\u0259 \u0130srail D\u00f6vl\u0259tinin s\u0259firi Rogen Kraus, Az\u0259rbaycan parlamentinin \u00fczvl\u0259ri, y\u0259hudi icmalar\u0131n\u0131n r\u0259hb\u0259rl\u0259ri, Az\u0259rbaycan dini konfessiyalar\u0131n\u0131n n\u00fcmay\u0259nd\u0259l\u0259ri v\u0259 ictimai xadiml\u0259r i\u015ftirak edibl\u0259r.<\/div>\n<div dir=\"auto\">Az\u0259rbaycanda Katolik Kils\u0259sinin apostol prefekti, yepiskop Vladimir Fekete konfrans\u0131n m\u00f6vzusu il\u0259 ba\u011fl\u0131 \u00e7\u0131x\u0131\u015f edib.<\/div>\n<div dir=\"auto\"><a href=\"https:\/\/www.catholic.az\/az\/wp-content\/uploads\/2026\/02\/622638532_926515646395156_5821345652998541107_n.jpg\"><img loading=\"lazy\" decoding=\"async\" data-attachment-id=\"5643\" data-permalink=\"https:\/\/www.catholic.az\/az\/yepiskop-vladimir-fekete-holokost-qurbanlarina-hesr-olunmus-tedbirde-istirak-edib\/622638532_926515646395156_5821345652998541107_n\/\" data-orig-file=\"https:\/\/www.catholic.az\/az\/wp-content\/uploads\/2026\/02\/622638532_926515646395156_5821345652998541107_n.jpg\" data-orig-size=\"2000,1333\" data-comments-opened=\"0\" data-image-meta=\"{&quot;aperture&quot;:&quot;0&quot;,&quot;credit&quot;:&quot;&quot;,&quot;camera&quot;:&quot;&quot;,&quot;caption&quot;:&quot;&quot;,&quot;created_timestamp&quot;:&quot;0&quot;,&quot;copyright&quot;:&quot;&quot;,&quot;focal_length&quot;:&quot;0&quot;,&quot;iso&quot;:&quot;0&quot;,&quot;shutter_speed&quot;:&quot;0&quot;,&quot;title&quot;:&quot;&quot;,&quot;orientation&quot;:&quot;0&quot;}\" data-image-title=\"622638532_926515646395156_5821345652998541107_n\" data-image-description=\"\" data-image-caption=\"\" data-medium-file=\"https:\/\/www.catholic.az\/az\/wp-content\/uploads\/2026\/02\/622638532_926515646395156_5821345652998541107_n-300x200.jpg\" data-large-file=\"https:\/\/www.catholic.az\/az\/wp-content\/uploads\/2026\/02\/622638532_926515646395156_5821345652998541107_n-1024x682.jpg\" class=\"alignnone size-medium wp-image-5643\" src=\"https:\/\/www.catholic.az\/az\/wp-content\/uploads\/2026\/02\/622638532_926515646395156_5821345652998541107_n-300x200.jpg\" alt=\"\" width=\"300\" height=\"200\" srcset=\"https:\/\/www.catholic.az\/az\/wp-content\/uploads\/2026\/02\/622638532_926515646395156_5821345652998541107_n-300x200.jpg 300w, https:\/\/www.catholic.az\/az\/wp-content\/uploads\/2026\/02\/622638532_926515646395156_5821345652998541107_n-1024x682.jpg 1024w, https:\/\/www.catholic.az\/az\/wp-content\/uploads\/2026\/02\/622638532_926515646395156_5821345652998541107_n-768x512.jpg 768w, https:\/\/www.catholic.az\/az\/wp-content\/uploads\/2026\/02\/622638532_926515646395156_5821345652998541107_n-1536x1024.jpg 1536w, https:\/\/www.catholic.az\/az\/wp-content\/uploads\/2026\/02\/622638532_926515646395156_5821345652998541107_n.jpg 2000w\" sizes=\"auto, (max-width: 300px) 100vw, 300px\" \/><\/a> <a href=\"https:\/\/www.catholic.az\/az\/wp-content\/uploads\/2026\/02\/623425659_926515589728495_570646321911345028_n.jpg\"><img loading=\"lazy\" decoding=\"async\" data-attachment-id=\"5644\" data-permalink=\"https:\/\/www.catholic.az\/az\/yepiskop-vladimir-fekete-holokost-qurbanlarina-hesr-olunmus-tedbirde-istirak-edib\/623425659_926515589728495_570646321911345028_n\/\" data-orig-file=\"https:\/\/www.catholic.az\/az\/wp-content\/uploads\/2026\/02\/623425659_926515589728495_570646321911345028_n.jpg\" data-orig-size=\"2000,1333\" data-comments-opened=\"0\" data-image-meta=\"{&quot;aperture&quot;:&quot;0&quot;,&quot;credit&quot;:&quot;&quot;,&quot;camera&quot;:&quot;&quot;,&quot;caption&quot;:&quot;&quot;,&quot;created_timestamp&quot;:&quot;0&quot;,&quot;copyright&quot;:&quot;&quot;,&quot;focal_length&quot;:&quot;0&quot;,&quot;iso&quot;:&quot;0&quot;,&quot;shutter_speed&quot;:&quot;0&quot;,&quot;title&quot;:&quot;&quot;,&quot;orientation&quot;:&quot;0&quot;}\" data-image-title=\"623425659_926515589728495_570646321911345028_n\" data-image-description=\"\" data-image-caption=\"\" data-medium-file=\"https:\/\/www.catholic.az\/az\/wp-content\/uploads\/2026\/02\/623425659_926515589728495_570646321911345028_n-300x200.jpg\" data-large-file=\"https:\/\/www.catholic.az\/az\/wp-content\/uploads\/2026\/02\/623425659_926515589728495_570646321911345028_n-1024x682.jpg\" class=\"alignnone size-medium wp-image-5644\" src=\"https:\/\/www.catholic.az\/az\/wp-content\/uploads\/2026\/02\/623425659_926515589728495_570646321911345028_n-300x200.jpg\" alt=\"\" width=\"300\" height=\"200\" srcset=\"https:\/\/www.catholic.az\/az\/wp-content\/uploads\/2026\/02\/623425659_926515589728495_570646321911345028_n-300x200.jpg 300w, https:\/\/www.catholic.az\/az\/wp-content\/uploads\/2026\/02\/623425659_926515589728495_570646321911345028_n-1024x682.jpg 1024w, https:\/\/www.catholic.az\/az\/wp-content\/uploads\/2026\/02\/623425659_926515589728495_570646321911345028_n-768x512.jpg 768w, https:\/\/www.catholic.az\/az\/wp-content\/uploads\/2026\/02\/623425659_926515589728495_570646321911345028_n-1536x1024.jpg 1536w, https:\/\/www.catholic.az\/az\/wp-content\/uploads\/2026\/02\/623425659_926515589728495_570646321911345028_n.jpg 2000w\" sizes=\"auto, (max-width: 300px) 100vw, 300px\" \/><\/a> <a href=\"https:\/\/www.catholic.az\/az\/wp-content\/uploads\/2026\/02\/623304857_926515796395141_5919306388221535879_n.jpg\"><img loading=\"lazy\" decoding=\"async\" data-attachment-id=\"5645\" data-permalink=\"https:\/\/www.catholic.az\/az\/yepiskop-vladimir-fekete-holokost-qurbanlarina-hesr-olunmus-tedbirde-istirak-edib\/623304857_926515796395141_5919306388221535879_n\/\" data-orig-file=\"https:\/\/www.catholic.az\/az\/wp-content\/uploads\/2026\/02\/623304857_926515796395141_5919306388221535879_n.jpg\" data-orig-size=\"2000,1333\" data-comments-opened=\"0\" data-image-meta=\"{&quot;aperture&quot;:&quot;0&quot;,&quot;credit&quot;:&quot;&quot;,&quot;camera&quot;:&quot;&quot;,&quot;caption&quot;:&quot;&quot;,&quot;created_timestamp&quot;:&quot;0&quot;,&quot;copyright&quot;:&quot;&quot;,&quot;focal_length&quot;:&quot;0&quot;,&quot;iso&quot;:&quot;0&quot;,&quot;shutter_speed&quot;:&quot;0&quot;,&quot;title&quot;:&quot;&quot;,&quot;orientation&quot;:&quot;0&quot;}\" data-image-title=\"623304857_926515796395141_5919306388221535879_n\" data-image-description=\"\" data-image-caption=\"\" data-medium-file=\"https:\/\/www.catholic.az\/az\/wp-content\/uploads\/2026\/02\/623304857_926515796395141_5919306388221535879_n-300x200.jpg\" data-large-file=\"https:\/\/www.catholic.az\/az\/wp-content\/uploads\/2026\/02\/623304857_926515796395141_5919306388221535879_n-1024x682.jpg\" class=\"alignnone size-medium wp-image-5645\" src=\"https:\/\/www.catholic.az\/az\/wp-content\/uploads\/2026\/02\/623304857_926515796395141_5919306388221535879_n-300x200.jpg\" alt=\"\" width=\"300\" height=\"200\" srcset=\"https:\/\/www.catholic.az\/az\/wp-content\/uploads\/2026\/02\/623304857_926515796395141_5919306388221535879_n-300x200.jpg 300w, https:\/\/www.catholic.az\/az\/wp-content\/uploads\/2026\/02\/623304857_926515796395141_5919306388221535879_n-1024x682.jpg 1024w, https:\/\/www.catholic.az\/az\/wp-content\/uploads\/2026\/02\/623304857_926515796395141_5919306388221535879_n-768x512.jpg 768w, https:\/\/www.catholic.az\/az\/wp-content\/uploads\/2026\/02\/623304857_926515796395141_5919306388221535879_n-1536x1024.jpg 1536w, https:\/\/www.catholic.az\/az\/wp-content\/uploads\/2026\/02\/623304857_926515796395141_5919306388221535879_n.jpg 2000w\" sizes=\"auto, (max-width: 300px) 100vw, 300px\" \/><\/a> <a href=\"https:\/\/www.catholic.az\/az\/wp-content\/uploads\/2026\/02\/622392780_926515709728483_4991206293999238098_n.jpg\"><img loading=\"lazy\" decoding=\"async\" data-attachment-id=\"5646\" data-permalink=\"https:\/\/www.catholic.az\/az\/yepiskop-vladimir-fekete-holokost-qurbanlarina-hesr-olunmus-tedbirde-istirak-edib\/622392780_926515709728483_4991206293999238098_n\/\" data-orig-file=\"https:\/\/www.catholic.az\/az\/wp-content\/uploads\/2026\/02\/622392780_926515709728483_4991206293999238098_n.jpg\" data-orig-size=\"2000,1333\" data-comments-opened=\"0\" data-image-meta=\"{&quot;aperture&quot;:&quot;0&quot;,&quot;credit&quot;:&quot;&quot;,&quot;camera&quot;:&quot;&quot;,&quot;caption&quot;:&quot;&quot;,&quot;created_timestamp&quot;:&quot;0&quot;,&quot;copyright&quot;:&quot;&quot;,&quot;focal_length&quot;:&quot;0&quot;,&quot;iso&quot;:&quot;0&quot;,&quot;shutter_speed&quot;:&quot;0&quot;,&quot;title&quot;:&quot;&quot;,&quot;orientation&quot;:&quot;0&quot;}\" data-image-title=\"622392780_926515709728483_4991206293999238098_n\" data-image-description=\"\" data-image-caption=\"\" data-medium-file=\"https:\/\/www.catholic.az\/az\/wp-content\/uploads\/2026\/02\/622392780_926515709728483_4991206293999238098_n-300x200.jpg\" data-large-file=\"https:\/\/www.catholic.az\/az\/wp-content\/uploads\/2026\/02\/622392780_926515709728483_4991206293999238098_n-1024x682.jpg\" class=\"alignnone size-medium wp-image-5646\" src=\"https:\/\/www.catholic.az\/az\/wp-content\/uploads\/2026\/02\/622392780_926515709728483_4991206293999238098_n-300x200.jpg\" alt=\"\" width=\"300\" height=\"200\" srcset=\"https:\/\/www.catholic.az\/az\/wp-content\/uploads\/2026\/02\/622392780_926515709728483_4991206293999238098_n-300x200.jpg 300w, https:\/\/www.catholic.az\/az\/wp-content\/uploads\/2026\/02\/622392780_926515709728483_4991206293999238098_n-1024x682.jpg 1024w, https:\/\/www.catholic.az\/az\/wp-content\/uploads\/2026\/02\/622392780_926515709728483_4991206293999238098_n-768x512.jpg 768w, https:\/\/www.catholic.az\/az\/wp-content\/uploads\/2026\/02\/622392780_926515709728483_4991206293999238098_n-1536x1024.jpg 1536w, https:\/\/www.catholic.az\/az\/wp-content\/uploads\/2026\/02\/622392780_926515709728483_4991206293999238098_n.jpg 2000w\" sizes=\"auto, (max-width: 300px) 100vw, 300px\" \/><\/a> <a href=\"https:\/\/www.catholic.az\/az\/wp-content\/uploads\/2026\/02\/WhatsApp-Image-2026-01-27-at-14.37.45.jpeg\"><img loading=\"lazy\" decoding=\"async\" data-attachment-id=\"5647\" data-permalink=\"https:\/\/www.catholic.az\/az\/yepiskop-vladimir-fekete-holokost-qurbanlarina-hesr-olunmus-tedbirde-istirak-edib\/whatsapp-image-2026-01-27-at-14-37-45\/\" data-orig-file=\"https:\/\/www.catholic.az\/az\/wp-content\/uploads\/2026\/02\/WhatsApp-Image-2026-01-27-at-14.37.45.jpeg\" data-orig-size=\"2560,1706\" data-comments-opened=\"0\" data-image-meta=\"{&quot;aperture&quot;:&quot;0&quot;,&quot;credit&quot;:&quot;&quot;,&quot;camera&quot;:&quot;&quot;,&quot;caption&quot;:&quot;&quot;,&quot;created_timestamp&quot;:&quot;0&quot;,&quot;copyright&quot;:&quot;&quot;,&quot;focal_length&quot;:&quot;0&quot;,&quot;iso&quot;:&quot;0&quot;,&quot;shutter_speed&quot;:&quot;0&quot;,&quot;title&quot;:&quot;&quot;,&quot;orientation&quot;:&quot;0&quot;}\" data-image-title=\"WhatsApp Image 2026-01-27 at 14.37.45\" data-image-description=\"\" data-image-caption=\"\" data-medium-file=\"https:\/\/www.catholic.az\/az\/wp-content\/uploads\/2026\/02\/WhatsApp-Image-2026-01-27-at-14.37.45-300x200.jpeg\" data-large-file=\"https:\/\/www.catholic.az\/az\/wp-content\/uploads\/2026\/02\/WhatsApp-Image-2026-01-27-at-14.37.45-1024x682.jpeg\" class=\"alignnone size-medium wp-image-5647\" src=\"https:\/\/www.catholic.az\/az\/wp-content\/uploads\/2026\/02\/WhatsApp-Image-2026-01-27-at-14.37.45-300x200.jpeg\" alt=\"\" width=\"300\" height=\"200\" srcset=\"https:\/\/www.catholic.az\/az\/wp-content\/uploads\/2026\/02\/WhatsApp-Image-2026-01-27-at-14.37.45-300x200.jpeg 300w, https:\/\/www.catholic.az\/az\/wp-content\/uploads\/2026\/02\/WhatsApp-Image-2026-01-27-at-14.37.45-1024x682.jpeg 1024w, https:\/\/www.catholic.az\/az\/wp-content\/uploads\/2026\/02\/WhatsApp-Image-2026-01-27-at-14.37.45-768x512.jpeg 768w, https:\/\/www.catholic.az\/az\/wp-content\/uploads\/2026\/02\/WhatsApp-Image-2026-01-27-at-14.37.45-1536x1024.jpeg 1536w, https:\/\/www.catholic.az\/az\/wp-content\/uploads\/2026\/02\/WhatsApp-Image-2026-01-27-at-14.37.45-2048x1365.jpeg 2048w\" sizes=\"auto, (max-width: 300px) 100vw, 300px\" \/><\/a> <a href=\"https:\/\/www.catholic.az\/az\/wp-content\/uploads\/2026\/02\/WhatsApp-Image-2026-01-27-at-14.37.35.jpeg\"><img loading=\"lazy\" decoding=\"async\" data-attachment-id=\"5648\" data-permalink=\"https:\/\/www.catholic.az\/az\/yepiskop-vladimir-fekete-holokost-qurbanlarina-hesr-olunmus-tedbirde-istirak-edib\/whatsapp-image-2026-01-27-at-14-37-35\/\" data-orig-file=\"https:\/\/www.catholic.az\/az\/wp-content\/uploads\/2026\/02\/WhatsApp-Image-2026-01-27-at-14.37.35.jpeg\" data-orig-size=\"2560,1706\" data-comments-opened=\"0\" data-image-meta=\"{&quot;aperture&quot;:&quot;0&quot;,&quot;credit&quot;:&quot;&quot;,&quot;camera&quot;:&quot;&quot;,&quot;caption&quot;:&quot;&quot;,&quot;created_timestamp&quot;:&quot;0&quot;,&quot;copyright&quot;:&quot;&quot;,&quot;focal_length&quot;:&quot;0&quot;,&quot;iso&quot;:&quot;0&quot;,&quot;shutter_speed&quot;:&quot;0&quot;,&quot;title&quot;:&quot;&quot;,&quot;orientation&quot;:&quot;0&quot;}\" data-image-title=\"WhatsApp Image 2026-01-27 at 14.37.35\" data-image-description=\"\" data-image-caption=\"\" data-medium-file=\"https:\/\/www.catholic.az\/az\/wp-content\/uploads\/2026\/02\/WhatsApp-Image-2026-01-27-at-14.37.35-300x200.jpeg\" data-large-file=\"https:\/\/www.catholic.az\/az\/wp-content\/uploads\/2026\/02\/WhatsApp-Image-2026-01-27-at-14.37.35-1024x682.jpeg\" class=\"alignnone size-medium wp-image-5648\" src=\"https:\/\/www.catholic.az\/az\/wp-content\/uploads\/2026\/02\/WhatsApp-Image-2026-01-27-at-14.37.35-300x200.jpeg\" alt=\"\" width=\"300\" height=\"200\" srcset=\"https:\/\/www.catholic.az\/az\/wp-content\/uploads\/2026\/02\/WhatsApp-Image-2026-01-27-at-14.37.35-300x200.jpeg 300w, https:\/\/www.catholic.az\/az\/wp-content\/uploads\/2026\/02\/WhatsApp-Image-2026-01-27-at-14.37.35-1024x682.jpeg 1024w, https:\/\/www.catholic.az\/az\/wp-content\/uploads\/2026\/02\/WhatsApp-Image-2026-01-27-at-14.37.35-768x512.jpeg 768w, https:\/\/www.catholic.az\/az\/wp-content\/uploads\/2026\/02\/WhatsApp-Image-2026-01-27-at-14.37.35-1536x1024.jpeg 1536w, https:\/\/www.catholic.az\/az\/wp-content\/uploads\/2026\/02\/WhatsApp-Image-2026-01-27-at-14.37.35-2048x1365.jpeg 2048w\" sizes=\"auto, (max-width: 300px) 100vw, 300px\" \/><\/a> <a href=\"https:\/\/www.catholic.az\/az\/wp-content\/uploads\/2026\/02\/WhatsApp-Image-2026-01-27-at-14.37.21.jpeg\"><img loading=\"lazy\" decoding=\"async\" data-attachment-id=\"5649\" data-permalink=\"https:\/\/www.catholic.az\/az\/yepiskop-vladimir-fekete-holokost-qurbanlarina-hesr-olunmus-tedbirde-istirak-edib\/whatsapp-image-2026-01-27-at-14-37-21\/\" data-orig-file=\"https:\/\/www.catholic.az\/az\/wp-content\/uploads\/2026\/02\/WhatsApp-Image-2026-01-27-at-14.37.21.jpeg\" data-orig-size=\"2560,1706\" data-comments-opened=\"0\" data-image-meta=\"{&quot;aperture&quot;:&quot;0&quot;,&quot;credit&quot;:&quot;&quot;,&quot;camera&quot;:&quot;&quot;,&quot;caption&quot;:&quot;&quot;,&quot;created_timestamp&quot;:&quot;0&quot;,&quot;copyright&quot;:&quot;&quot;,&quot;focal_length&quot;:&quot;0&quot;,&quot;iso&quot;:&quot;0&quot;,&quot;shutter_speed&quot;:&quot;0&quot;,&quot;title&quot;:&quot;&quot;,&quot;orientation&quot;:&quot;0&quot;}\" data-image-title=\"WhatsApp Image 2026-01-27 at 14.37.21\" data-image-description=\"\" data-image-caption=\"\" data-medium-file=\"https:\/\/www.catholic.az\/az\/wp-content\/uploads\/2026\/02\/WhatsApp-Image-2026-01-27-at-14.37.21-300x200.jpeg\" data-large-file=\"https:\/\/www.catholic.az\/az\/wp-content\/uploads\/2026\/02\/WhatsApp-Image-2026-01-27-at-14.37.21-1024x682.jpeg\" class=\"alignnone size-medium wp-image-5649\" src=\"https:\/\/www.catholic.az\/az\/wp-content\/uploads\/2026\/02\/WhatsApp-Image-2026-01-27-at-14.37.21-300x200.jpeg\" alt=\"\" width=\"300\" height=\"200\" srcset=\"https:\/\/www.catholic.az\/az\/wp-content\/uploads\/2026\/02\/WhatsApp-Image-2026-01-27-at-14.37.21-300x200.jpeg 300w, https:\/\/www.catholic.az\/az\/wp-content\/uploads\/2026\/02\/WhatsApp-Image-2026-01-27-at-14.37.21-1024x682.jpeg 1024w, https:\/\/www.catholic.az\/az\/wp-content\/uploads\/2026\/02\/WhatsApp-Image-2026-01-27-at-14.37.21-768x512.jpeg 768w, https:\/\/www.catholic.az\/az\/wp-content\/uploads\/2026\/02\/WhatsApp-Image-2026-01-27-at-14.37.21-1536x1024.jpeg 1536w, https:\/\/www.catholic.az\/az\/wp-content\/uploads\/2026\/02\/WhatsApp-Image-2026-01-27-at-14.37.21-2048x1365.jpeg 2048w\" sizes=\"auto, (max-width: 300px) 100vw, 300px\" \/><\/a><\/div>\n","protected":false},"excerpt":{"rendered":"<p>Bak\u0131 Tolerantl\u0131q Evind\u0259 &#8220;Holokost m\u00fcasirl\u0259rin g\u00f6z\u00fc il\u0259&#8221; m\u00f6vzusunda konfrans ke\u00e7irilib. T\u0259dbird\u0259 \u0130srail D\u00f6vl\u0259tinin s\u0259firi Rogen Kraus, Az\u0259rbaycan parlamentinin \u00fczvl\u0259ri, y\u0259hudi icmalar\u0131n\u0131n r\u0259hb\u0259rl\u0259ri, Az\u0259rbaycan dini konfessiyalar\u0131n\u0131n n\u00fcmay\u0259nd\u0259l\u0259ri v\u0259 ictimai xadiml\u0259r i\u015ftirak [&hellip;]<\/p>\n","protected":false},"author":4,"featured_media":5649,"comment_status":"closed","ping_status":"open","sticky":false,"template":"","format":"standard","meta":{"jetpack_post_was_ever_published":false,"_jetpack_newsletter_access":"","_jetpack_dont_email_post_to_subs":false,"_jetpack_newsletter_tier_id":0,"_jetpack_memberships_contains_paywalled_content":false,"_jetpack_memberships_contains_paid_content":false,"footnotes":"","jetpack_publicize_message":"","jetpack_publicize_feature_enabled":true,"jetpack_social_post_already_shared":true,"jetpack_social_options":{"image_generator_settings":{"template":"highway","default_image_id":0,"font":"","enabled":false},"version":2}},"categories":[1],"tags":[],"class_list":["post-5642","post","type-post","status-publish","format-standard","has-post-thumbnail","hentry","category-uncategorized"],"jetpack_publicize_connections":[],"jetpack_featured_media_url":"https:\/\/www.catholic.az\/az\/wp-content\/uploads\/2026\/02\/WhatsApp-Image-2026-01-27-at-14.37.21.jpeg","jetpack_sharing_enabled":true,"jetpack_shortlink":"https:\/\/wp.me\/p2X63J-1t0","_links":{"self":[{"href":"https:\/\/www.catholic.az\/az\/wp-json\/wp\/v2\/posts\/5642","targetHints":{"allow":["GET"]}}],"collection":[{"href":"https:\/\/www.catholic.az\/az\/wp-json\/wp\/v2\/posts"}],"about":[{"href":"https:\/\/www.catholic.az\/az\/wp-json\/wp\/v2\/types\/post"}],"author":[{"embeddable":true,"href":"https:\/\/www.catholic.az\/az\/wp-json\/wp\/v2\/users\/4"}],"replies":[{"embeddable":true,"href":"https:\/\/www.catholic.az\/az\/wp-json\/wp\/v2\/comments?post=5642"}],"version-history":[{"count":1,"href":"https:\/\/www.catholic.az\/az\/wp-json\/wp\/v2\/posts\/5642\/revisions"}],"predecessor-version":[{"id":5650,"href":"https:\/\/www.catholic.az\/az\/wp-json\/wp\/v2\/posts\/5642\/revisions\/5650"}],"wp:featuredmedia":[{"embeddable":true,"href":"https:\/\/www.catholic.az\/az\/wp-json\/wp\/v2\/media\/5649"}],"wp:attachment":[{"href":"https:\/\/www.catholic.az\/az\/wp-json\/wp\/v2\/media?parent=5642"}],"wp:term":[{"taxonomy":"category","embeddable":true,"href":"https:\/\/www.catholic.az\/az\/wp-json\/wp\/v2\/categories?post=5642"},{"taxonomy":"post_tag","embeddable":true,"href":"https:\/\/www.catholic.az\/az\/wp-json\/wp\/v2\/tags?post=5642"}],"curies":[{"name":"wp","href":"https:\/\/api.w.org\/{rel}","templated":true}]}}