{"id":5712,"date":"2026-03-09T22:41:48","date_gmt":"2026-03-09T18:41:48","guid":{"rendered":"https:\/\/www.catholic.az\/az\/?p=5712"},"modified":"2026-03-09T22:41:48","modified_gmt":"2026-03-09T18:41:48","slug":"seyxulislam-allahsukur-pasazade-vatikan-apostol-kitabxanasini-ziyaret-edib","status":"publish","type":"post","link":"https:\/\/www.catholic.az\/az\/seyxulislam-allahsukur-pasazade-vatikan-apostol-kitabxanasini-ziyaret-edib\/","title":{"rendered":"\u015eEYX\u00dcL\u0130SLAM ALLAH\u015e\u00dcK\u00dcR PA\u015eAZAD\u018f VAT\u0130KAN APOSTOL K\u0130TABXANASINI Z\u0130YAR\u018fT ED\u0130B"},"content":{"rendered":"<p>Mart\u0131n 9-da Qafqaz M\u00fcs\u0259lmanlar\u0131 \u0130dar\u0259sinin s\u0259dri, \u015feyx\u00fclislam Allah\u015f\u00fck\u00fcr Pa\u015fazad\u0259nin r\u0259hb\u0259rlik etdiyi Az\u0259rbaycan n\u00fcmay\u0259nd\u0259 hey\u0259ti M\u00fcq\u0259dd\u0259s Taxt-Taca s\u0259f\u0259ri \u00e7\u0259r\u00e7iv\u0259sind\u0259 Vatikan Apostol Kitabxanas\u0131n\u0131 ziyar\u0259t edib. N\u00fcmay\u0259nd\u0259 hey\u0259tin\u0259 Az\u0259rbaycanda Katolik Kils\u0259sinin apostol prefekti yepiskop Vladimir Fekete, Bak\u0131 v\u0259 Az\u0259rbaycan yepiskopu Aleksiy, Alban-udi xristian icmas\u0131n\u0131n s\u0259dri Robert Mobili v\u0259 Bak\u0131 Avropa y\u0259hudil\u0259ri icmas\u0131n\u0131n s\u0259dri Aleksandr \u015earovski d\u0259 daxildir.<\/p>\n<p>Vatikan Apostol Kitabxanas\u0131n\u0131n prefekti don Mauro Mantovani qonaqlar\u0131 qar\u015f\u0131layaraq kitabxanan\u0131n tarixi v\u0259 f\u0259aliyy\u0259ti haqq\u0131nda m\u0259lumat verib. O bildirib ki, \u0259sas\u0131 1475-ci ild\u0259 qoyulan Vatikan Apostol Kitabxanas\u0131 d\u00fcnyan\u0131n \u0259n q\u0259dim v\u0259 n\u00fcfuzlu elmi v\u0259 m\u0259d\u0259niyy\u0259t m\u0259rk\u0259zl\u0259rind\u0259n biridir. Burada \u0259srl\u0259r boyu toplanm\u0131\u015f milyonlarla kitab v\u0259 on minl\u0259rl\u0259 \u0259lyazma qorunur. Qeyd olunub ki, kitabxanan\u0131n fondlar\u0131nda Az\u0259rbaycana aid t\u0259xmin\u0259n 60 nadir \u0259lyazma da saxlan\u0131l\u0131r.<\/p>\n<p>S\u0259f\u0259r zaman\u0131 n\u00fcmay\u0259nd\u0259 hey\u0259ti Vatikan ba\u011flar\u0131n\u0131 da ziyar\u0259t edib v\u0259 Az\u0259rbaycan\u0131n Vatikana h\u0259diyy\u0259si olan nar a\u011fac\u0131 il\u0259 tan\u0131\u015f olub. Bu a\u011fac 2025-ci il oktyabr\u0131n 17-d\u0259 Az\u0259rbaycan\u0131n Birinci vitse-prezidenti Mehriban \u018fliyeva v\u0259 Vatikan Qubernatorlu\u011funun r\u0259hb\u0259ri rahib\u0259 Raffaella Petrini t\u0259r\u0259find\u0259n Az\u0259rbaycan il\u0259 M\u00fcq\u0259dd\u0259s Taxt-Tac aras\u0131nda dostlu\u011fun v\u0259 qar\u015f\u0131l\u0131ql\u0131 h\u00f6rm\u0259tin r\u0259mzi olaraq \u0259kilib.<\/p>\n<p>S\u0259f\u0259r \u00e7\u0259r\u00e7iv\u0259sind\u0259 Romada Az\u0259rbaycan\u0131n t\u0259\u015f\u0259bb\u00fcs\u00fc il\u0259 iftar m\u0259rasiminin ke\u00e7irilm\u0259si d\u0259 n\u0259z\u0259rd\u0259 tutulur. T\u0259dbird\u0259 \u015feyx\u00fclislam Allah\u015f\u00fck\u00fcr Pa\u015fazad\u0259, M\u00fcq\u0259dd\u0259s Taxt-Tac\u0131n D\u00f6vl\u0259t Katibi kardinal Pietro Parolin, el\u0259c\u0259 d\u0259 m\u00fcs\u0259lman, xristian v\u0259 y\u0259hudi dini icmalar\u0131n\u0131n n\u00fcmay\u0259nd\u0259l\u0259ri i\u015ftirak ed\u0259c\u0259kl\u0259r.<\/p>\n<p>D\u00fcnyada artan g\u0259rginlik v\u0259 qar\u015f\u0131durmalar fonunda ke\u00e7iril\u0259n bu g\u00f6r\u00fc\u015f v\u0259 t\u0259dbirl\u0259r dinl\u0259r v\u0259 m\u0259d\u0259niyy\u0259tl\u0259r aras\u0131nda dialoqun, qar\u015f\u0131l\u0131ql\u0131 anlay\u0131\u015f\u0131n v\u0259 s\u00fclh\u00fcn t\u0259\u015fviqi bax\u0131m\u0131ndan x\u00fcsusi \u0259h\u0259miyy\u0259t da\u015f\u0131y\u0131r.<\/p>\n<p><a href=\"https:\/\/www.catholic.az\/az\/wp-content\/uploads\/2026\/03\/1-1.jpeg\"><img loading=\"lazy\" decoding=\"async\" data-attachment-id=\"5713\" data-permalink=\"https:\/\/www.catholic.az\/az\/seyxulislam-allahsukur-pasazade-vatikan-apostol-kitabxanasini-ziyaret-edib\/1-19\/\" data-orig-file=\"https:\/\/www.catholic.az\/az\/wp-content\/uploads\/2026\/03\/1-1.jpeg\" data-orig-size=\"2560,1706\" data-comments-opened=\"0\" data-image-meta=\"{&quot;aperture&quot;:&quot;0&quot;,&quot;credit&quot;:&quot;&quot;,&quot;camera&quot;:&quot;&quot;,&quot;caption&quot;:&quot;&quot;,&quot;created_timestamp&quot;:&quot;0&quot;,&quot;copyright&quot;:&quot;&quot;,&quot;focal_length&quot;:&quot;0&quot;,&quot;iso&quot;:&quot;0&quot;,&quot;shutter_speed&quot;:&quot;0&quot;,&quot;title&quot;:&quot;&quot;,&quot;orientation&quot;:&quot;0&quot;}\" data-image-title=\"1\" data-image-description=\"\" data-image-caption=\"\" data-medium-file=\"https:\/\/www.catholic.az\/az\/wp-content\/uploads\/2026\/03\/1-1-300x200.jpeg\" data-large-file=\"https:\/\/www.catholic.az\/az\/wp-content\/uploads\/2026\/03\/1-1-1024x682.jpeg\" class=\"alignnone size-medium wp-image-5713\" src=\"https:\/\/www.catholic.az\/az\/wp-content\/uploads\/2026\/03\/1-1-300x200.jpeg\" alt=\"\" width=\"300\" height=\"200\" srcset=\"https:\/\/www.catholic.az\/az\/wp-content\/uploads\/2026\/03\/1-1-300x200.jpeg 300w, https:\/\/www.catholic.az\/az\/wp-content\/uploads\/2026\/03\/1-1-1024x682.jpeg 1024w, https:\/\/www.catholic.az\/az\/wp-content\/uploads\/2026\/03\/1-1-768x512.jpeg 768w, https:\/\/www.catholic.az\/az\/wp-content\/uploads\/2026\/03\/1-1-1536x1024.jpeg 1536w, https:\/\/www.catholic.az\/az\/wp-content\/uploads\/2026\/03\/1-1-2048x1365.jpeg 2048w\" sizes=\"auto, (max-width: 300px) 100vw, 300px\" \/><\/a> <a href=\"https:\/\/www.catholic.az\/az\/wp-content\/uploads\/2026\/03\/2-1.jpeg\"><img loading=\"lazy\" decoding=\"async\" data-attachment-id=\"5714\" data-permalink=\"https:\/\/www.catholic.az\/az\/seyxulislam-allahsukur-pasazade-vatikan-apostol-kitabxanasini-ziyaret-edib\/2-17\/\" data-orig-file=\"https:\/\/www.catholic.az\/az\/wp-content\/uploads\/2026\/03\/2-1.jpeg\" data-orig-size=\"2560,1706\" data-comments-opened=\"0\" data-image-meta=\"{&quot;aperture&quot;:&quot;0&quot;,&quot;credit&quot;:&quot;&quot;,&quot;camera&quot;:&quot;&quot;,&quot;caption&quot;:&quot;&quot;,&quot;created_timestamp&quot;:&quot;0&quot;,&quot;copyright&quot;:&quot;&quot;,&quot;focal_length&quot;:&quot;0&quot;,&quot;iso&quot;:&quot;0&quot;,&quot;shutter_speed&quot;:&quot;0&quot;,&quot;title&quot;:&quot;&quot;,&quot;orientation&quot;:&quot;0&quot;}\" data-image-title=\"2\" data-image-description=\"\" data-image-caption=\"\" data-medium-file=\"https:\/\/www.catholic.az\/az\/wp-content\/uploads\/2026\/03\/2-1-300x200.jpeg\" data-large-file=\"https:\/\/www.catholic.az\/az\/wp-content\/uploads\/2026\/03\/2-1-1024x682.jpeg\" class=\"alignnone size-medium wp-image-5714\" src=\"https:\/\/www.catholic.az\/az\/wp-content\/uploads\/2026\/03\/2-1-300x200.jpeg\" alt=\"\" width=\"300\" height=\"200\" srcset=\"https:\/\/www.catholic.az\/az\/wp-content\/uploads\/2026\/03\/2-1-300x200.jpeg 300w, https:\/\/www.catholic.az\/az\/wp-content\/uploads\/2026\/03\/2-1-1024x682.jpeg 1024w, https:\/\/www.catholic.az\/az\/wp-content\/uploads\/2026\/03\/2-1-768x512.jpeg 768w, https:\/\/www.catholic.az\/az\/wp-content\/uploads\/2026\/03\/2-1-1536x1024.jpeg 1536w, https:\/\/www.catholic.az\/az\/wp-content\/uploads\/2026\/03\/2-1-2048x1365.jpeg 2048w\" sizes=\"auto, (max-width: 300px) 100vw, 300px\" \/><\/a> <a href=\"https:\/\/www.catholic.az\/az\/wp-content\/uploads\/2026\/03\/3-1.jpeg\"><img loading=\"lazy\" decoding=\"async\" data-attachment-id=\"5715\" data-permalink=\"https:\/\/www.catholic.az\/az\/seyxulislam-allahsukur-pasazade-vatikan-apostol-kitabxanasini-ziyaret-edib\/3-15\/\" data-orig-file=\"https:\/\/www.catholic.az\/az\/wp-content\/uploads\/2026\/03\/3-1.jpeg\" data-orig-size=\"2560,1706\" data-comments-opened=\"0\" data-image-meta=\"{&quot;aperture&quot;:&quot;0&quot;,&quot;credit&quot;:&quot;&quot;,&quot;camera&quot;:&quot;&quot;,&quot;caption&quot;:&quot;&quot;,&quot;created_timestamp&quot;:&quot;0&quot;,&quot;copyright&quot;:&quot;&quot;,&quot;focal_length&quot;:&quot;0&quot;,&quot;iso&quot;:&quot;0&quot;,&quot;shutter_speed&quot;:&quot;0&quot;,&quot;title&quot;:&quot;&quot;,&quot;orientation&quot;:&quot;0&quot;}\" data-image-title=\"3\" data-image-description=\"\" data-image-caption=\"\" data-medium-file=\"https:\/\/www.catholic.az\/az\/wp-content\/uploads\/2026\/03\/3-1-300x200.jpeg\" data-large-file=\"https:\/\/www.catholic.az\/az\/wp-content\/uploads\/2026\/03\/3-1-1024x682.jpeg\" class=\"alignnone size-medium wp-image-5715\" src=\"https:\/\/www.catholic.az\/az\/wp-content\/uploads\/2026\/03\/3-1-300x200.jpeg\" alt=\"\" width=\"300\" height=\"200\" srcset=\"https:\/\/www.catholic.az\/az\/wp-content\/uploads\/2026\/03\/3-1-300x200.jpeg 300w, https:\/\/www.catholic.az\/az\/wp-content\/uploads\/2026\/03\/3-1-1024x682.jpeg 1024w, https:\/\/www.catholic.az\/az\/wp-content\/uploads\/2026\/03\/3-1-768x512.jpeg 768w, https:\/\/www.catholic.az\/az\/wp-content\/uploads\/2026\/03\/3-1-1536x1024.jpeg 1536w, https:\/\/www.catholic.az\/az\/wp-content\/uploads\/2026\/03\/3-1-2048x1365.jpeg 2048w\" sizes=\"auto, (max-width: 300px) 100vw, 300px\" \/><\/a> <a href=\"https:\/\/www.catholic.az\/az\/wp-content\/uploads\/2026\/03\/4-1-scaled.jpeg\"><img loading=\"lazy\" decoding=\"async\" data-attachment-id=\"5716\" data-permalink=\"https:\/\/www.catholic.az\/az\/seyxulislam-allahsukur-pasazade-vatikan-apostol-kitabxanasini-ziyaret-edib\/4-18\/\" data-orig-file=\"https:\/\/www.catholic.az\/az\/wp-content\/uploads\/2026\/03\/4-1-scaled.jpeg\" data-orig-size=\"2560,1920\" data-comments-opened=\"0\" data-image-meta=\"{&quot;aperture&quot;:&quot;0&quot;,&quot;credit&quot;:&quot;&quot;,&quot;camera&quot;:&quot;&quot;,&quot;caption&quot;:&quot;&quot;,&quot;created_timestamp&quot;:&quot;0&quot;,&quot;copyright&quot;:&quot;&quot;,&quot;focal_length&quot;:&quot;0&quot;,&quot;iso&quot;:&quot;0&quot;,&quot;shutter_speed&quot;:&quot;0&quot;,&quot;title&quot;:&quot;&quot;,&quot;orientation&quot;:&quot;0&quot;}\" data-image-title=\"4\" data-image-description=\"\" data-image-caption=\"\" data-medium-file=\"https:\/\/www.catholic.az\/az\/wp-content\/uploads\/2026\/03\/4-1-300x225.jpeg\" data-large-file=\"https:\/\/www.catholic.az\/az\/wp-content\/uploads\/2026\/03\/4-1-1024x768.jpeg\" class=\"alignnone size-medium wp-image-5716\" src=\"https:\/\/www.catholic.az\/az\/wp-content\/uploads\/2026\/03\/4-1-300x225.jpeg\" alt=\"\" width=\"300\" height=\"225\" srcset=\"https:\/\/www.catholic.az\/az\/wp-content\/uploads\/2026\/03\/4-1-300x225.jpeg 300w, https:\/\/www.catholic.az\/az\/wp-content\/uploads\/2026\/03\/4-1-1024x768.jpeg 1024w, https:\/\/www.catholic.az\/az\/wp-content\/uploads\/2026\/03\/4-1-768x576.jpeg 768w, https:\/\/www.catholic.az\/az\/wp-content\/uploads\/2026\/03\/4-1-1536x1152.jpeg 1536w, https:\/\/www.catholic.az\/az\/wp-content\/uploads\/2026\/03\/4-1-2048x1536.jpeg 2048w\" sizes=\"auto, (max-width: 300px) 100vw, 300px\" \/><\/a> <a href=\"https:\/\/www.catholic.az\/az\/wp-content\/uploads\/2026\/03\/5-1-scaled.jpeg\"><img loading=\"lazy\" decoding=\"async\" data-attachment-id=\"5717\" data-permalink=\"https:\/\/www.catholic.az\/az\/seyxulislam-allahsukur-pasazade-vatikan-apostol-kitabxanasini-ziyaret-edib\/5-15\/\" data-orig-file=\"https:\/\/www.catholic.az\/az\/wp-content\/uploads\/2026\/03\/5-1-scaled.jpeg\" data-orig-size=\"2560,1920\" data-comments-opened=\"0\" data-image-meta=\"{&quot;aperture&quot;:&quot;0&quot;,&quot;credit&quot;:&quot;&quot;,&quot;camera&quot;:&quot;&quot;,&quot;caption&quot;:&quot;&quot;,&quot;created_timestamp&quot;:&quot;0&quot;,&quot;copyright&quot;:&quot;&quot;,&quot;focal_length&quot;:&quot;0&quot;,&quot;iso&quot;:&quot;0&quot;,&quot;shutter_speed&quot;:&quot;0&quot;,&quot;title&quot;:&quot;&quot;,&quot;orientation&quot;:&quot;0&quot;}\" data-image-title=\"5\" data-image-description=\"\" data-image-caption=\"\" data-medium-file=\"https:\/\/www.catholic.az\/az\/wp-content\/uploads\/2026\/03\/5-1-300x225.jpeg\" data-large-file=\"https:\/\/www.catholic.az\/az\/wp-content\/uploads\/2026\/03\/5-1-1024x768.jpeg\" class=\"alignnone size-medium wp-image-5717\" src=\"https:\/\/www.catholic.az\/az\/wp-content\/uploads\/2026\/03\/5-1-300x225.jpeg\" alt=\"\" width=\"300\" height=\"225\" srcset=\"https:\/\/www.catholic.az\/az\/wp-content\/uploads\/2026\/03\/5-1-300x225.jpeg 300w, https:\/\/www.catholic.az\/az\/wp-content\/uploads\/2026\/03\/5-1-1024x768.jpeg 1024w, https:\/\/www.catholic.az\/az\/wp-content\/uploads\/2026\/03\/5-1-768x576.jpeg 768w, https:\/\/www.catholic.az\/az\/wp-content\/uploads\/2026\/03\/5-1-1536x1152.jpeg 1536w, https:\/\/www.catholic.az\/az\/wp-content\/uploads\/2026\/03\/5-1-2048x1536.jpeg 2048w\" sizes=\"auto, (max-width: 300px) 100vw, 300px\" \/><\/a> <a href=\"https:\/\/www.catholic.az\/az\/wp-content\/uploads\/2026\/03\/6-1-scaled.jpeg\"><img loading=\"lazy\" decoding=\"async\" data-attachment-id=\"5718\" data-permalink=\"https:\/\/www.catholic.az\/az\/seyxulislam-allahsukur-pasazade-vatikan-apostol-kitabxanasini-ziyaret-edib\/6-13\/\" data-orig-file=\"https:\/\/www.catholic.az\/az\/wp-content\/uploads\/2026\/03\/6-1-scaled.jpeg\" data-orig-size=\"2560,1920\" data-comments-opened=\"0\" data-image-meta=\"{&quot;aperture&quot;:&quot;0&quot;,&quot;credit&quot;:&quot;&quot;,&quot;camera&quot;:&quot;&quot;,&quot;caption&quot;:&quot;&quot;,&quot;created_timestamp&quot;:&quot;0&quot;,&quot;copyright&quot;:&quot;&quot;,&quot;focal_length&quot;:&quot;0&quot;,&quot;iso&quot;:&quot;0&quot;,&quot;shutter_speed&quot;:&quot;0&quot;,&quot;title&quot;:&quot;&quot;,&quot;orientation&quot;:&quot;0&quot;}\" data-image-title=\"6\" data-image-description=\"\" data-image-caption=\"\" data-medium-file=\"https:\/\/www.catholic.az\/az\/wp-content\/uploads\/2026\/03\/6-1-300x225.jpeg\" data-large-file=\"https:\/\/www.catholic.az\/az\/wp-content\/uploads\/2026\/03\/6-1-1024x768.jpeg\" class=\"alignnone size-medium wp-image-5718\" src=\"https:\/\/www.catholic.az\/az\/wp-content\/uploads\/2026\/03\/6-1-300x225.jpeg\" alt=\"\" width=\"300\" height=\"225\" srcset=\"https:\/\/www.catholic.az\/az\/wp-content\/uploads\/2026\/03\/6-1-300x225.jpeg 300w, https:\/\/www.catholic.az\/az\/wp-content\/uploads\/2026\/03\/6-1-1024x768.jpeg 1024w, https:\/\/www.catholic.az\/az\/wp-content\/uploads\/2026\/03\/6-1-768x576.jpeg 768w, https:\/\/www.catholic.az\/az\/wp-content\/uploads\/2026\/03\/6-1-1536x1152.jpeg 1536w, https:\/\/www.catholic.az\/az\/wp-content\/uploads\/2026\/03\/6-1-2048x1536.jpeg 2048w\" sizes=\"auto, (max-width: 300px) 100vw, 300px\" \/><\/a> <a href=\"https:\/\/www.catholic.az\/az\/wp-content\/uploads\/2026\/03\/7.jpg\"><img loading=\"lazy\" decoding=\"async\" data-attachment-id=\"5719\" data-permalink=\"https:\/\/www.catholic.az\/az\/seyxulislam-allahsukur-pasazade-vatikan-apostol-kitabxanasini-ziyaret-edib\/7-13\/\" data-orig-file=\"https:\/\/www.catholic.az\/az\/wp-content\/uploads\/2026\/03\/7.jpg\" data-orig-size=\"945,630\" data-comments-opened=\"0\" data-image-meta=\"{&quot;aperture&quot;:&quot;0&quot;,&quot;credit&quot;:&quot;&quot;,&quot;camera&quot;:&quot;&quot;,&quot;caption&quot;:&quot;&quot;,&quot;created_timestamp&quot;:&quot;0&quot;,&quot;copyright&quot;:&quot;&quot;,&quot;focal_length&quot;:&quot;0&quot;,&quot;iso&quot;:&quot;0&quot;,&quot;shutter_speed&quot;:&quot;0&quot;,&quot;title&quot;:&quot;&quot;,&quot;orientation&quot;:&quot;0&quot;}\" data-image-title=\"7\" data-image-description=\"\" data-image-caption=\"\" data-medium-file=\"https:\/\/www.catholic.az\/az\/wp-content\/uploads\/2026\/03\/7-300x200.jpg\" data-large-file=\"https:\/\/www.catholic.az\/az\/wp-content\/uploads\/2026\/03\/7.jpg\" class=\"alignnone size-medium wp-image-5719\" src=\"https:\/\/www.catholic.az\/az\/wp-content\/uploads\/2026\/03\/7-300x200.jpg\" alt=\"\" width=\"300\" height=\"200\" srcset=\"https:\/\/www.catholic.az\/az\/wp-content\/uploads\/2026\/03\/7-300x200.jpg 300w, https:\/\/www.catholic.az\/az\/wp-content\/uploads\/2026\/03\/7-768x512.jpg 768w, https:\/\/www.catholic.az\/az\/wp-content\/uploads\/2026\/03\/7.jpg 945w\" sizes=\"auto, (max-width: 300px) 100vw, 300px\" \/><\/a><\/p>\n","protected":false},"excerpt":{"rendered":"<p>Mart\u0131n 9-da Qafqaz M\u00fcs\u0259lmanlar\u0131 \u0130dar\u0259sinin s\u0259dri, \u015feyx\u00fclislam Allah\u015f\u00fck\u00fcr Pa\u015fazad\u0259nin r\u0259hb\u0259rlik etdiyi Az\u0259rbaycan n\u00fcmay\u0259nd\u0259 hey\u0259ti M\u00fcq\u0259dd\u0259s Taxt-Taca s\u0259f\u0259ri \u00e7\u0259r\u00e7iv\u0259sind\u0259 Vatikan Apostol Kitabxanas\u0131n\u0131 ziyar\u0259t edib. N\u00fcmay\u0259nd\u0259 hey\u0259tin\u0259 Az\u0259rbaycanda Katolik Kils\u0259sinin apostol prefekti [&hellip;]<\/p>\n","protected":false},"author":4,"featured_media":5713,"comment_status":"closed","ping_status":"open","sticky":false,"template":"","format":"standard","meta":{"jetpack_post_was_ever_published":false,"_jetpack_newsletter_access":"","_jetpack_dont_email_post_to_subs":false,"_jetpack_newsletter_tier_id":0,"_jetpack_memberships_contains_paywalled_content":false,"_jetpack_memberships_contains_paid_content":false,"footnotes":"","jetpack_publicize_message":"","jetpack_publicize_feature_enabled":true,"jetpack_social_post_already_shared":true,"jetpack_social_options":{"image_generator_settings":{"template":"highway","default_image_id":0,"font":"","enabled":false},"version":2}},"categories":[1],"tags":[],"class_list":["post-5712","post","type-post","status-publish","format-standard","has-post-thumbnail","hentry","category-uncategorized"],"jetpack_publicize_connections":[],"jetpack_featured_media_url":"https:\/\/www.catholic.az\/az\/wp-content\/uploads\/2026\/03\/1-1.jpeg","jetpack_sharing_enabled":true,"jetpack_shortlink":"https:\/\/wp.me\/p2X63J-1u8","_links":{"self":[{"href":"https:\/\/www.catholic.az\/az\/wp-json\/wp\/v2\/posts\/5712","targetHints":{"allow":["GET"]}}],"collection":[{"href":"https:\/\/www.catholic.az\/az\/wp-json\/wp\/v2\/posts"}],"about":[{"href":"https:\/\/www.catholic.az\/az\/wp-json\/wp\/v2\/types\/post"}],"author":[{"embeddable":true,"href":"https:\/\/www.catholic.az\/az\/wp-json\/wp\/v2\/users\/4"}],"replies":[{"embeddable":true,"href":"https:\/\/www.catholic.az\/az\/wp-json\/wp\/v2\/comments?post=5712"}],"version-history":[{"count":1,"href":"https:\/\/www.catholic.az\/az\/wp-json\/wp\/v2\/posts\/5712\/revisions"}],"predecessor-version":[{"id":5720,"href":"https:\/\/www.catholic.az\/az\/wp-json\/wp\/v2\/posts\/5712\/revisions\/5720"}],"wp:featuredmedia":[{"embeddable":true,"href":"https:\/\/www.catholic.az\/az\/wp-json\/wp\/v2\/media\/5713"}],"wp:attachment":[{"href":"https:\/\/www.catholic.az\/az\/wp-json\/wp\/v2\/media?parent=5712"}],"wp:term":[{"taxonomy":"category","embeddable":true,"href":"https:\/\/www.catholic.az\/az\/wp-json\/wp\/v2\/categories?post=5712"},{"taxonomy":"post_tag","embeddable":true,"href":"https:\/\/www.catholic.az\/az\/wp-json\/wp\/v2\/tags?post=5712"}],"curies":[{"name":"wp","href":"https:\/\/api.w.org\/{rel}","templated":true}]}}