{"id":5721,"date":"2026-03-10T17:49:02","date_gmt":"2026-03-10T13:49:02","guid":{"rendered":"https:\/\/www.catholic.az\/az\/?p=5721"},"modified":"2026-03-10T17:49:02","modified_gmt":"2026-03-10T13:49:02","slug":"kardinal-pietro-parolin-v%c9%99-seyxulislam-allahsukur-pasazad%c9%99-romada-iftar-m%c9%99rasimind%c9%99-istirak-edibl%c9%99r","status":"publish","type":"post","link":"https:\/\/www.catholic.az\/az\/kardinal-pietro-parolin-v%c9%99-seyxulislam-allahsukur-pasazad%c9%99-romada-iftar-m%c9%99rasimind%c9%99-istirak-edibl%c9%99r\/","title":{"rendered":"Kardinal Pietro Parolin v\u0259 \u015eeyx\u00fclislam Allah\u015f\u00fck\u00fcr Pa\u015fazad\u0259 Romada iftar m\u0259rasimind\u0259 i\u015ftirak edibl\u0259r"},"content":{"rendered":"<p>Mart\u0131n 9-da Romada Qafqaz M\u00fcs\u0259lmanlar\u0131 \u0130dar\u0259sinin v\u0259 Az\u0259rbaycan Respublikas\u0131n\u0131n M\u00fcq\u0259dd\u0259s Taxt-Tacdak\u0131 s\u0259firliyinin t\u0259\u015f\u0259bb\u00fcs\u00fc il\u0259 iftar m\u0259rasimi ke\u00e7irilib. T\u0259dbir M\u0259rake\u015f Krall\u0131\u011f\u0131n\u0131n Vatikandak\u0131 s\u0259firliyi v\u0259 Beyn\u0259lxalq Media Kommunikasiya Klubunun t\u0259\u015fkilati d\u0259st\u0259yi il\u0259 ba\u015f tutub. M\u00fcq\u0259dd\u0259s Taxt-Tac\u0131 m\u0259rasimd\u0259 D\u00f6vl\u0259t katibi kardinal Pietro Parolin t\u0259msil edib.<\/p>\n<p>\u0130ftar m\u0259rasimind\u0259 Vatikanda s\u0259f\u0259rd\u0259 olan Qafqaz M\u00fcs\u0259lmanlar\u0131 \u0130dar\u0259sinin s\u0259dri \u015feyx\u00fclislam Allah\u015f\u00fck\u00fcr Pa\u015fazad\u0259, Az\u0259rbaycanda Katolik Kils\u0259sinin apostol prefekti yepiskop Vladimir Fekete, Bak\u0131 v\u0259 Az\u0259rbaycan yepiskopu Aleksiy, Alban-udi xristian icmas\u0131n\u0131n s\u0259dri Robert Mobili, Bak\u0131 Avropa y\u0259hudil\u0259ri icmas\u0131n\u0131n s\u0259dri Aleksandr \u015earovski, h\u0259m\u00e7inin M\u00fcq\u0259dd\u0259s Taxt-Tac v\u0259 \u0130taliyada akkredit\u0259 olunmu\u015f diplomatik korpusun \u00e7oxsayl\u0131 n\u00fcmay\u0259nd\u0259l\u0259ri v\u0259 ictimai xadiml\u0259r i\u015ftirak edibl\u0259r.<\/p>\n<p>M\u00fcs\u0259lmanlar\u0131n, xristianlar\u0131n v\u0259 y\u0259hudil\u0259rin bir araya g\u0259ldiyi bu iftar s\u00fcfr\u0259si d\u00fcnya miqyas\u0131nda dinl\u0259raras\u0131 dialoq v\u0259 \u0259m\u0259kda\u015fl\u0131\u011fa veril\u0259n m\u00fch\u00fcm t\u00f6hf\u0259 kimi qiym\u0259tl\u0259ndirilib. Geosiyasi qar\u015f\u0131durmalar\u0131n v\u0259 humanitar b\u00f6hranlar\u0131n davam etdiyi bir d\u00f6vrd\u0259 ke\u00e7iril\u0259n g\u00f6r\u00fc\u015f dialoqu m\u00f6hk\u0259ml\u0259ndirm\u0259k v\u0259 xalqlar aras\u0131nda qar\u015f\u0131l\u0131ql\u0131 anla\u015fman\u0131 t\u0259\u015fviq etm\u0259k m\u0259qs\u0259di da\u015f\u0131y\u0131b.<\/p>\n<p>T\u0259dbirin r\u0259mzi m\u0259qamlar\u0131ndan biri d\u0259 \u00fc\u00e7 s\u0259mavi dinin m\u00fcq\u0259dd\u0259s tarixl\u0259rinin: islam\u0131n Ramazan ay\u0131, xristianl\u0131\u011f\u0131n M\u00fcjd\u0259 bayram\u0131 v\u0259 y\u0259hudil\u0259rin Purim bayram\u0131n\u0131n eyni d\u00f6vr\u0259 t\u0259sad\u00fcf etm\u0259si olub.<\/p>\n<p>M\u0259rasimd\u0259 \u00e7\u0131x\u0131\u015f ed\u0259n M\u00fcq\u0259dd\u0259s Taxt-Tac\u0131n D\u00f6vl\u0259t katibi kardinal Pietro Parolin Papa XIV Leonun salamlar\u0131n\u0131 i\u015ftirak\u00e7\u0131lara \u00e7atd\u0131r\u0131b. O vur\u011fulay\u0131b ki, bu c\u00fcr t\u0259\u015f\u0259bb\u00fcsl\u0259r diplomatiyan\u0131n yaln\u0131z dan\u0131\u015f\u0131qlar masas\u0131 arxas\u0131nda deyil, h\u0259m d\u0259 qonaqp\u0259rv\u0259rlik v\u0259 payla\u015f\u0131m m\u00fchitind\u0259 h\u0259yata ke\u00e7irildiyini g\u00f6st\u0259rir. Kardinal\u0131n s\u00f6zl\u0259rin\u0259 g\u00f6r\u0259, birg\u0259 s\u00fcfr\u0259 \u0259traf\u0131nda olmaq qar\u015f\u0131l\u0131ql\u0131 etimad\u0131 g\u00fccl\u0259ndirir v\u0259 xalqlar aras\u0131nda dostlu\u011fun m\u00f6hk\u0259ml\u0259nm\u0259sin\u0259 xidm\u0259t edir.<\/p>\n<p>Az\u0259rbaycan\u0131n M\u00fcq\u0259dd\u0259s Taxt-Tacdak\u0131 s\u0259firi \u0130lqar Muxtarov \u00e7\u0131x\u0131\u015f\u0131nda iftar m\u0259rasiminin \u00fc\u00e7 s\u0259mavi dinin m\u00fcq\u0259dd\u0259s g\u00fcnl\u0259rinin eyni vaxta t\u0259sad\u00fcf etdiyi bir d\u00f6vrd\u0259 ke\u00e7irilm\u0259sinin x\u00fcsusi r\u0259mzi m\u0259na da\u015f\u0131d\u0131\u011f\u0131n\u0131 qeyd edib. Diplomat bildirib ki, Az\u0259rbaycan tarix\u0259n m\u00fcxt\u0259lif dinl\u0259rin v\u0259 mill\u0259tl\u0259rin s\u00fclh v\u0259 harmoniya \u015f\u0259raitind\u0259 birlikd\u0259 ya\u015fad\u0131\u011f\u0131 \u00f6lk\u0259dir. Onun s\u00f6zl\u0259rin\u0259 g\u00f6r\u0259, m\u00fcnaqi\u015f\u0259 v\u0259 inams\u0131zl\u0131qla s\u0259ciyy\u0259l\u0259n\u0259n bir d\u00fcnyada bu kimi t\u0259\u015f\u0259bb\u00fcsl\u0259r m\u0259n\u0259vi r\u0259hb\u0259rlik v\u0259 qarda\u015fl\u0131q \u00e7a\u011f\u0131r\u0131\u015f\u0131 kimi s\u0259sl\u0259nir.<\/p>\n<p>\u015eeyx\u00fclislam Allah\u015f\u00fck\u00fcr Pa\u015fazad\u0259 is\u0259 \u00e7\u0131x\u0131\u015f\u0131nda bu iftar m\u0259rasiminin Az\u0259rbaycan il\u0259 M\u00fcq\u0259dd\u0259s Taxt-Tac aras\u0131nda dinl\u0259raras\u0131 dialoq sah\u0259sind\u0259 \u0259m\u0259kda\u015fl\u0131\u011f\u0131n r\u0259mzin\u0259 \u00e7evrildiyini bildirib. O qeyd edib ki, Az\u0259rbaycan d\u00f6vl\u0259ti il\u0259 M\u00fcq\u0259dd\u0259s Taxt-Tac aras\u0131nda m\u00fcnasib\u0259tl\u0259r u\u011furla inki\u015faf edir v\u0259 qar\u015f\u0131l\u0131ql\u0131 y\u00fcks\u0259k s\u0259viyy\u0259li s\u0259f\u0259rl\u0259r bu \u0259m\u0259kda\u015fl\u0131\u011f\u0131 daha da m\u00f6hk\u0259ml\u0259ndirir. \u015eeyx\u00fclislam h\u0259m\u00e7inin Birinci vitse-prezident Mehriban \u018fliyevan\u0131n v\u0259 Heyd\u0259r \u018fliyev Fondunun Vatikanda tarixi dini abid\u0259l\u0259rin b\u0259rpas\u0131na verdiyi t\u00f6hf\u0259l\u0259ri x\u00fcsusi vur\u011fulay\u0131b.<\/p>\n<p>T\u0259dbirin sonunda i\u015ftirak\u00e7\u0131lara xatir\u0259 h\u0259diyy\u0259l\u0259ri t\u0259qdim olunub v\u0259 dinl\u0259raras\u0131 dialoqun inki\u015faf\u0131na t\u00f6hf\u0259 ver\u0259n bir qrup \u015f\u0259xs t\u0259ltif edilib.<\/p>\n<p><a href=\"https:\/\/www.catholic.az\/az\/wp-content\/uploads\/2026\/03\/1-1.jpg\"><img loading=\"lazy\" decoding=\"async\" data-attachment-id=\"5735\" data-permalink=\"https:\/\/www.catholic.az\/az\/kardinal-pietro-parolin-v%c9%99-seyxulislam-allahsukur-pasazad%c9%99-romada-iftar-m%c9%99rasimind%c9%99-istirak-edibl%c9%99r\/1-20\/\" data-orig-file=\"https:\/\/www.catholic.az\/az\/wp-content\/uploads\/2026\/03\/1-1.jpg\" data-orig-size=\"2048,1365\" data-comments-opened=\"0\" data-image-meta=\"{&quot;aperture&quot;:&quot;0&quot;,&quot;credit&quot;:&quot;&quot;,&quot;camera&quot;:&quot;&quot;,&quot;caption&quot;:&quot;&quot;,&quot;created_timestamp&quot;:&quot;0&quot;,&quot;copyright&quot;:&quot;&quot;,&quot;focal_length&quot;:&quot;0&quot;,&quot;iso&quot;:&quot;0&quot;,&quot;shutter_speed&quot;:&quot;0&quot;,&quot;title&quot;:&quot;&quot;,&quot;orientation&quot;:&quot;0&quot;}\" data-image-title=\"1\" data-image-description=\"\" data-image-caption=\"\" data-medium-file=\"https:\/\/www.catholic.az\/az\/wp-content\/uploads\/2026\/03\/1-1-300x200.jpg\" data-large-file=\"https:\/\/www.catholic.az\/az\/wp-content\/uploads\/2026\/03\/1-1-1024x683.jpg\" class=\"alignnone size-medium wp-image-5735\" src=\"https:\/\/www.catholic.az\/az\/wp-content\/uploads\/2026\/03\/1-1-300x200.jpg\" alt=\"\" width=\"300\" height=\"200\" srcset=\"https:\/\/www.catholic.az\/az\/wp-content\/uploads\/2026\/03\/1-1-300x200.jpg 300w, https:\/\/www.catholic.az\/az\/wp-content\/uploads\/2026\/03\/1-1-1024x683.jpg 1024w, https:\/\/www.catholic.az\/az\/wp-content\/uploads\/2026\/03\/1-1-768x512.jpg 768w, https:\/\/www.catholic.az\/az\/wp-content\/uploads\/2026\/03\/1-1-1536x1024.jpg 1536w, https:\/\/www.catholic.az\/az\/wp-content\/uploads\/2026\/03\/1-1.jpg 2048w\" sizes=\"auto, (max-width: 300px) 100vw, 300px\" \/><\/a><a href=\"https:\/\/www.catholic.az\/az\/wp-content\/uploads\/2026\/03\/2-1.jpg\"><img loading=\"lazy\" decoding=\"async\" data-attachment-id=\"5734\" data-permalink=\"https:\/\/www.catholic.az\/az\/kardinal-pietro-parolin-v%c9%99-seyxulislam-allahsukur-pasazad%c9%99-romada-iftar-m%c9%99rasimind%c9%99-istirak-edibl%c9%99r\/2-18\/\" data-orig-file=\"https:\/\/www.catholic.az\/az\/wp-content\/uploads\/2026\/03\/2-1.jpg\" data-orig-size=\"2048,1365\" data-comments-opened=\"0\" data-image-meta=\"{&quot;aperture&quot;:&quot;0&quot;,&quot;credit&quot;:&quot;&quot;,&quot;camera&quot;:&quot;&quot;,&quot;caption&quot;:&quot;&quot;,&quot;created_timestamp&quot;:&quot;0&quot;,&quot;copyright&quot;:&quot;&quot;,&quot;focal_length&quot;:&quot;0&quot;,&quot;iso&quot;:&quot;0&quot;,&quot;shutter_speed&quot;:&quot;0&quot;,&quot;title&quot;:&quot;&quot;,&quot;orientation&quot;:&quot;0&quot;}\" data-image-title=\"2\" data-image-description=\"\" data-image-caption=\"\" data-medium-file=\"https:\/\/www.catholic.az\/az\/wp-content\/uploads\/2026\/03\/2-1-300x200.jpg\" data-large-file=\"https:\/\/www.catholic.az\/az\/wp-content\/uploads\/2026\/03\/2-1-1024x683.jpg\" class=\"alignnone size-medium wp-image-5734\" src=\"https:\/\/www.catholic.az\/az\/wp-content\/uploads\/2026\/03\/2-1-300x200.jpg\" alt=\"\" width=\"300\" height=\"200\" srcset=\"https:\/\/www.catholic.az\/az\/wp-content\/uploads\/2026\/03\/2-1-300x200.jpg 300w, https:\/\/www.catholic.az\/az\/wp-content\/uploads\/2026\/03\/2-1-1024x683.jpg 1024w, https:\/\/www.catholic.az\/az\/wp-content\/uploads\/2026\/03\/2-1-768x512.jpg 768w, https:\/\/www.catholic.az\/az\/wp-content\/uploads\/2026\/03\/2-1-1536x1024.jpg 1536w, https:\/\/www.catholic.az\/az\/wp-content\/uploads\/2026\/03\/2-1.jpg 2048w\" sizes=\"auto, (max-width: 300px) 100vw, 300px\" \/><\/a><a href=\"https:\/\/www.catholic.az\/az\/wp-content\/uploads\/2026\/03\/3-1.jpg\"><img loading=\"lazy\" decoding=\"async\" data-attachment-id=\"5733\" data-permalink=\"https:\/\/www.catholic.az\/az\/kardinal-pietro-parolin-v%c9%99-seyxulislam-allahsukur-pasazad%c9%99-romada-iftar-m%c9%99rasimind%c9%99-istirak-edibl%c9%99r\/3-16\/\" data-orig-file=\"https:\/\/www.catholic.az\/az\/wp-content\/uploads\/2026\/03\/3-1.jpg\" data-orig-size=\"2048,1365\" data-comments-opened=\"0\" data-image-meta=\"{&quot;aperture&quot;:&quot;0&quot;,&quot;credit&quot;:&quot;&quot;,&quot;camera&quot;:&quot;&quot;,&quot;caption&quot;:&quot;&quot;,&quot;created_timestamp&quot;:&quot;0&quot;,&quot;copyright&quot;:&quot;&quot;,&quot;focal_length&quot;:&quot;0&quot;,&quot;iso&quot;:&quot;0&quot;,&quot;shutter_speed&quot;:&quot;0&quot;,&quot;title&quot;:&quot;&quot;,&quot;orientation&quot;:&quot;0&quot;}\" data-image-title=\"3\" data-image-description=\"\" data-image-caption=\"\" data-medium-file=\"https:\/\/www.catholic.az\/az\/wp-content\/uploads\/2026\/03\/3-1-300x200.jpg\" data-large-file=\"https:\/\/www.catholic.az\/az\/wp-content\/uploads\/2026\/03\/3-1-1024x683.jpg\" class=\"alignnone size-medium wp-image-5733\" src=\"https:\/\/www.catholic.az\/az\/wp-content\/uploads\/2026\/03\/3-1-300x200.jpg\" alt=\"\" width=\"300\" height=\"200\" srcset=\"https:\/\/www.catholic.az\/az\/wp-content\/uploads\/2026\/03\/3-1-300x200.jpg 300w, https:\/\/www.catholic.az\/az\/wp-content\/uploads\/2026\/03\/3-1-1024x683.jpg 1024w, https:\/\/www.catholic.az\/az\/wp-content\/uploads\/2026\/03\/3-1-768x512.jpg 768w, https:\/\/www.catholic.az\/az\/wp-content\/uploads\/2026\/03\/3-1-1536x1024.jpg 1536w, https:\/\/www.catholic.az\/az\/wp-content\/uploads\/2026\/03\/3-1.jpg 2048w\" sizes=\"auto, (max-width: 300px) 100vw, 300px\" \/><\/a><a href=\"https:\/\/www.catholic.az\/az\/wp-content\/uploads\/2026\/03\/4-1.jpg\"><img loading=\"lazy\" decoding=\"async\" data-attachment-id=\"5732\" data-permalink=\"https:\/\/www.catholic.az\/az\/kardinal-pietro-parolin-v%c9%99-seyxulislam-allahsukur-pasazad%c9%99-romada-iftar-m%c9%99rasimind%c9%99-istirak-edibl%c9%99r\/4-19\/\" data-orig-file=\"https:\/\/www.catholic.az\/az\/wp-content\/uploads\/2026\/03\/4-1.jpg\" data-orig-size=\"2048,1365\" data-comments-opened=\"0\" data-image-meta=\"{&quot;aperture&quot;:&quot;0&quot;,&quot;credit&quot;:&quot;&quot;,&quot;camera&quot;:&quot;&quot;,&quot;caption&quot;:&quot;&quot;,&quot;created_timestamp&quot;:&quot;0&quot;,&quot;copyright&quot;:&quot;&quot;,&quot;focal_length&quot;:&quot;0&quot;,&quot;iso&quot;:&quot;0&quot;,&quot;shutter_speed&quot;:&quot;0&quot;,&quot;title&quot;:&quot;&quot;,&quot;orientation&quot;:&quot;0&quot;}\" data-image-title=\"4\" data-image-description=\"\" data-image-caption=\"\" data-medium-file=\"https:\/\/www.catholic.az\/az\/wp-content\/uploads\/2026\/03\/4-1-300x200.jpg\" data-large-file=\"https:\/\/www.catholic.az\/az\/wp-content\/uploads\/2026\/03\/4-1-1024x683.jpg\" class=\"alignnone size-medium wp-image-5732\" src=\"https:\/\/www.catholic.az\/az\/wp-content\/uploads\/2026\/03\/4-1-300x200.jpg\" alt=\"\" width=\"300\" height=\"200\" srcset=\"https:\/\/www.catholic.az\/az\/wp-content\/uploads\/2026\/03\/4-1-300x200.jpg 300w, https:\/\/www.catholic.az\/az\/wp-content\/uploads\/2026\/03\/4-1-1024x683.jpg 1024w, https:\/\/www.catholic.az\/az\/wp-content\/uploads\/2026\/03\/4-1-768x512.jpg 768w, https:\/\/www.catholic.az\/az\/wp-content\/uploads\/2026\/03\/4-1-1536x1024.jpg 1536w, https:\/\/www.catholic.az\/az\/wp-content\/uploads\/2026\/03\/4-1.jpg 2048w\" sizes=\"auto, (max-width: 300px) 100vw, 300px\" \/><\/a><a href=\"https:\/\/www.catholic.az\/az\/wp-content\/uploads\/2026\/03\/5-1.jpg\"><img loading=\"lazy\" decoding=\"async\" data-attachment-id=\"5731\" data-permalink=\"https:\/\/www.catholic.az\/az\/kardinal-pietro-parolin-v%c9%99-seyxulislam-allahsukur-pasazad%c9%99-romada-iftar-m%c9%99rasimind%c9%99-istirak-edibl%c9%99r\/5-16\/\" data-orig-file=\"https:\/\/www.catholic.az\/az\/wp-content\/uploads\/2026\/03\/5-1.jpg\" data-orig-size=\"2048,1365\" data-comments-opened=\"0\" data-image-meta=\"{&quot;aperture&quot;:&quot;0&quot;,&quot;credit&quot;:&quot;&quot;,&quot;camera&quot;:&quot;&quot;,&quot;caption&quot;:&quot;&quot;,&quot;created_timestamp&quot;:&quot;0&quot;,&quot;copyright&quot;:&quot;&quot;,&quot;focal_length&quot;:&quot;0&quot;,&quot;iso&quot;:&quot;0&quot;,&quot;shutter_speed&quot;:&quot;0&quot;,&quot;title&quot;:&quot;&quot;,&quot;orientation&quot;:&quot;0&quot;}\" data-image-title=\"5\" data-image-description=\"\" data-image-caption=\"\" data-medium-file=\"https:\/\/www.catholic.az\/az\/wp-content\/uploads\/2026\/03\/5-1-300x200.jpg\" data-large-file=\"https:\/\/www.catholic.az\/az\/wp-content\/uploads\/2026\/03\/5-1-1024x683.jpg\" class=\"alignnone size-medium wp-image-5731\" src=\"https:\/\/www.catholic.az\/az\/wp-content\/uploads\/2026\/03\/5-1-300x200.jpg\" alt=\"\" width=\"300\" height=\"200\" srcset=\"https:\/\/www.catholic.az\/az\/wp-content\/uploads\/2026\/03\/5-1-300x200.jpg 300w, https:\/\/www.catholic.az\/az\/wp-content\/uploads\/2026\/03\/5-1-1024x683.jpg 1024w, https:\/\/www.catholic.az\/az\/wp-content\/uploads\/2026\/03\/5-1-768x512.jpg 768w, https:\/\/www.catholic.az\/az\/wp-content\/uploads\/2026\/03\/5-1-1536x1024.jpg 1536w, https:\/\/www.catholic.az\/az\/wp-content\/uploads\/2026\/03\/5-1.jpg 2048w\" sizes=\"auto, (max-width: 300px) 100vw, 300px\" \/><\/a><a href=\"https:\/\/www.catholic.az\/az\/wp-content\/uploads\/2026\/03\/6-1.jpg\"><img loading=\"lazy\" decoding=\"async\" data-attachment-id=\"5730\" data-permalink=\"https:\/\/www.catholic.az\/az\/kardinal-pietro-parolin-v%c9%99-seyxulislam-allahsukur-pasazad%c9%99-romada-iftar-m%c9%99rasimind%c9%99-istirak-edibl%c9%99r\/6-14\/\" data-orig-file=\"https:\/\/www.catholic.az\/az\/wp-content\/uploads\/2026\/03\/6-1.jpg\" data-orig-size=\"2048,1365\" data-comments-opened=\"0\" data-image-meta=\"{&quot;aperture&quot;:&quot;0&quot;,&quot;credit&quot;:&quot;&quot;,&quot;camera&quot;:&quot;&quot;,&quot;caption&quot;:&quot;&quot;,&quot;created_timestamp&quot;:&quot;0&quot;,&quot;copyright&quot;:&quot;&quot;,&quot;focal_length&quot;:&quot;0&quot;,&quot;iso&quot;:&quot;0&quot;,&quot;shutter_speed&quot;:&quot;0&quot;,&quot;title&quot;:&quot;&quot;,&quot;orientation&quot;:&quot;0&quot;}\" data-image-title=\"6\" data-image-description=\"\" data-image-caption=\"\" data-medium-file=\"https:\/\/www.catholic.az\/az\/wp-content\/uploads\/2026\/03\/6-1-300x200.jpg\" data-large-file=\"https:\/\/www.catholic.az\/az\/wp-content\/uploads\/2026\/03\/6-1-1024x683.jpg\" class=\"alignnone size-medium wp-image-5730\" src=\"https:\/\/www.catholic.az\/az\/wp-content\/uploads\/2026\/03\/6-1-300x200.jpg\" alt=\"\" width=\"300\" height=\"200\" srcset=\"https:\/\/www.catholic.az\/az\/wp-content\/uploads\/2026\/03\/6-1-300x200.jpg 300w, https:\/\/www.catholic.az\/az\/wp-content\/uploads\/2026\/03\/6-1-1024x683.jpg 1024w, https:\/\/www.catholic.az\/az\/wp-content\/uploads\/2026\/03\/6-1-768x512.jpg 768w, https:\/\/www.catholic.az\/az\/wp-content\/uploads\/2026\/03\/6-1-1536x1024.jpg 1536w, https:\/\/www.catholic.az\/az\/wp-content\/uploads\/2026\/03\/6-1.jpg 2048w\" sizes=\"auto, (max-width: 300px) 100vw, 300px\" \/><\/a><a href=\"https:\/\/www.catholic.az\/az\/wp-content\/uploads\/2026\/03\/7-1.jpg\"><img loading=\"lazy\" decoding=\"async\" data-attachment-id=\"5729\" data-permalink=\"https:\/\/www.catholic.az\/az\/kardinal-pietro-parolin-v%c9%99-seyxulislam-allahsukur-pasazad%c9%99-romada-iftar-m%c9%99rasimind%c9%99-istirak-edibl%c9%99r\/7-14\/\" data-orig-file=\"https:\/\/www.catholic.az\/az\/wp-content\/uploads\/2026\/03\/7-1.jpg\" data-orig-size=\"2048,1365\" data-comments-opened=\"0\" data-image-meta=\"{&quot;aperture&quot;:&quot;0&quot;,&quot;credit&quot;:&quot;&quot;,&quot;camera&quot;:&quot;&quot;,&quot;caption&quot;:&quot;&quot;,&quot;created_timestamp&quot;:&quot;0&quot;,&quot;copyright&quot;:&quot;&quot;,&quot;focal_length&quot;:&quot;0&quot;,&quot;iso&quot;:&quot;0&quot;,&quot;shutter_speed&quot;:&quot;0&quot;,&quot;title&quot;:&quot;&quot;,&quot;orientation&quot;:&quot;0&quot;}\" data-image-title=\"7\" data-image-description=\"\" data-image-caption=\"\" data-medium-file=\"https:\/\/www.catholic.az\/az\/wp-content\/uploads\/2026\/03\/7-1-300x200.jpg\" data-large-file=\"https:\/\/www.catholic.az\/az\/wp-content\/uploads\/2026\/03\/7-1-1024x683.jpg\" class=\"alignnone size-medium wp-image-5729\" src=\"https:\/\/www.catholic.az\/az\/wp-content\/uploads\/2026\/03\/7-1-300x200.jpg\" alt=\"\" width=\"300\" height=\"200\" srcset=\"https:\/\/www.catholic.az\/az\/wp-content\/uploads\/2026\/03\/7-1-300x200.jpg 300w, https:\/\/www.catholic.az\/az\/wp-content\/uploads\/2026\/03\/7-1-1024x683.jpg 1024w, https:\/\/www.catholic.az\/az\/wp-content\/uploads\/2026\/03\/7-1-768x512.jpg 768w, https:\/\/www.catholic.az\/az\/wp-content\/uploads\/2026\/03\/7-1-1536x1024.jpg 1536w, https:\/\/www.catholic.az\/az\/wp-content\/uploads\/2026\/03\/7-1.jpg 2048w\" sizes=\"auto, (max-width: 300px) 100vw, 300px\" \/><\/a><a href=\"https:\/\/www.catholic.az\/az\/wp-content\/uploads\/2026\/03\/8.jpg\"><img loading=\"lazy\" decoding=\"async\" data-attachment-id=\"5728\" data-permalink=\"https:\/\/www.catholic.az\/az\/kardinal-pietro-parolin-v%c9%99-seyxulislam-allahsukur-pasazad%c9%99-romada-iftar-m%c9%99rasimind%c9%99-istirak-edibl%c9%99r\/8-10\/\" data-orig-file=\"https:\/\/www.catholic.az\/az\/wp-content\/uploads\/2026\/03\/8.jpg\" data-orig-size=\"774,516\" data-comments-opened=\"0\" data-image-meta=\"{&quot;aperture&quot;:&quot;0&quot;,&quot;credit&quot;:&quot;&quot;,&quot;camera&quot;:&quot;&quot;,&quot;caption&quot;:&quot;&quot;,&quot;created_timestamp&quot;:&quot;0&quot;,&quot;copyright&quot;:&quot;&quot;,&quot;focal_length&quot;:&quot;0&quot;,&quot;iso&quot;:&quot;0&quot;,&quot;shutter_speed&quot;:&quot;0&quot;,&quot;title&quot;:&quot;&quot;,&quot;orientation&quot;:&quot;0&quot;}\" data-image-title=\"8\" data-image-description=\"\" data-image-caption=\"\" data-medium-file=\"https:\/\/www.catholic.az\/az\/wp-content\/uploads\/2026\/03\/8-300x200.jpg\" data-large-file=\"https:\/\/www.catholic.az\/az\/wp-content\/uploads\/2026\/03\/8.jpg\" class=\"alignnone size-medium wp-image-5728\" src=\"https:\/\/www.catholic.az\/az\/wp-content\/uploads\/2026\/03\/8-300x200.jpg\" alt=\"\" width=\"300\" height=\"200\" srcset=\"https:\/\/www.catholic.az\/az\/wp-content\/uploads\/2026\/03\/8-300x200.jpg 300w, https:\/\/www.catholic.az\/az\/wp-content\/uploads\/2026\/03\/8-768x512.jpg 768w, https:\/\/www.catholic.az\/az\/wp-content\/uploads\/2026\/03\/8.jpg 774w\" sizes=\"auto, (max-width: 300px) 100vw, 300px\" \/><\/a><a href=\"https:\/\/www.catholic.az\/az\/wp-content\/uploads\/2026\/03\/9.jpg\"><img loading=\"lazy\" decoding=\"async\" data-attachment-id=\"5727\" data-permalink=\"https:\/\/www.catholic.az\/az\/kardinal-pietro-parolin-v%c9%99-seyxulislam-allahsukur-pasazad%c9%99-romada-iftar-m%c9%99rasimind%c9%99-istirak-edibl%c9%99r\/9-10\/\" data-orig-file=\"https:\/\/www.catholic.az\/az\/wp-content\/uploads\/2026\/03\/9.jpg\" data-orig-size=\"2048,1365\" data-comments-opened=\"0\" data-image-meta=\"{&quot;aperture&quot;:&quot;0&quot;,&quot;credit&quot;:&quot;&quot;,&quot;camera&quot;:&quot;&quot;,&quot;caption&quot;:&quot;&quot;,&quot;created_timestamp&quot;:&quot;0&quot;,&quot;copyright&quot;:&quot;&quot;,&quot;focal_length&quot;:&quot;0&quot;,&quot;iso&quot;:&quot;0&quot;,&quot;shutter_speed&quot;:&quot;0&quot;,&quot;title&quot;:&quot;&quot;,&quot;orientation&quot;:&quot;0&quot;}\" data-image-title=\"9\" data-image-description=\"\" data-image-caption=\"\" data-medium-file=\"https:\/\/www.catholic.az\/az\/wp-content\/uploads\/2026\/03\/9-300x200.jpg\" data-large-file=\"https:\/\/www.catholic.az\/az\/wp-content\/uploads\/2026\/03\/9-1024x683.jpg\" class=\"alignnone size-medium wp-image-5727\" src=\"https:\/\/www.catholic.az\/az\/wp-content\/uploads\/2026\/03\/9-300x200.jpg\" alt=\"\" width=\"300\" height=\"200\" srcset=\"https:\/\/www.catholic.az\/az\/wp-content\/uploads\/2026\/03\/9-300x200.jpg 300w, https:\/\/www.catholic.az\/az\/wp-content\/uploads\/2026\/03\/9-1024x683.jpg 1024w, https:\/\/www.catholic.az\/az\/wp-content\/uploads\/2026\/03\/9-768x512.jpg 768w, https:\/\/www.catholic.az\/az\/wp-content\/uploads\/2026\/03\/9-1536x1024.jpg 1536w, https:\/\/www.catholic.az\/az\/wp-content\/uploads\/2026\/03\/9.jpg 2048w\" sizes=\"auto, (max-width: 300px) 100vw, 300px\" \/><\/a><a href=\"https:\/\/www.catholic.az\/az\/wp-content\/uploads\/2026\/03\/10.jpg\"><img loading=\"lazy\" decoding=\"async\" data-attachment-id=\"5726\" data-permalink=\"https:\/\/www.catholic.az\/az\/kardinal-pietro-parolin-v%c9%99-seyxulislam-allahsukur-pasazad%c9%99-romada-iftar-m%c9%99rasimind%c9%99-istirak-edibl%c9%99r\/10-12\/\" data-orig-file=\"https:\/\/www.catholic.az\/az\/wp-content\/uploads\/2026\/03\/10.jpg\" data-orig-size=\"2048,1365\" data-comments-opened=\"0\" data-image-meta=\"{&quot;aperture&quot;:&quot;0&quot;,&quot;credit&quot;:&quot;&quot;,&quot;camera&quot;:&quot;&quot;,&quot;caption&quot;:&quot;&quot;,&quot;created_timestamp&quot;:&quot;0&quot;,&quot;copyright&quot;:&quot;&quot;,&quot;focal_length&quot;:&quot;0&quot;,&quot;iso&quot;:&quot;0&quot;,&quot;shutter_speed&quot;:&quot;0&quot;,&quot;title&quot;:&quot;&quot;,&quot;orientation&quot;:&quot;0&quot;}\" data-image-title=\"10\" data-image-description=\"\" data-image-caption=\"\" data-medium-file=\"https:\/\/www.catholic.az\/az\/wp-content\/uploads\/2026\/03\/10-300x200.jpg\" data-large-file=\"https:\/\/www.catholic.az\/az\/wp-content\/uploads\/2026\/03\/10-1024x683.jpg\" class=\"alignnone size-medium wp-image-5726\" src=\"https:\/\/www.catholic.az\/az\/wp-content\/uploads\/2026\/03\/10-300x200.jpg\" alt=\"\" width=\"300\" height=\"200\" srcset=\"https:\/\/www.catholic.az\/az\/wp-content\/uploads\/2026\/03\/10-300x200.jpg 300w, https:\/\/www.catholic.az\/az\/wp-content\/uploads\/2026\/03\/10-1024x683.jpg 1024w, https:\/\/www.catholic.az\/az\/wp-content\/uploads\/2026\/03\/10-768x512.jpg 768w, https:\/\/www.catholic.az\/az\/wp-content\/uploads\/2026\/03\/10-1536x1024.jpg 1536w, https:\/\/www.catholic.az\/az\/wp-content\/uploads\/2026\/03\/10.jpg 2048w\" sizes=\"auto, (max-width: 300px) 100vw, 300px\" \/><\/a><a href=\"https:\/\/www.catholic.az\/az\/wp-content\/uploads\/2026\/03\/11.jpg\"><img loading=\"lazy\" decoding=\"async\" data-attachment-id=\"5725\" data-permalink=\"https:\/\/www.catholic.az\/az\/kardinal-pietro-parolin-v%c9%99-seyxulislam-allahsukur-pasazad%c9%99-romada-iftar-m%c9%99rasimind%c9%99-istirak-edibl%c9%99r\/11-9\/\" data-orig-file=\"https:\/\/www.catholic.az\/az\/wp-content\/uploads\/2026\/03\/11.jpg\" data-orig-size=\"2048,1365\" data-comments-opened=\"0\" data-image-meta=\"{&quot;aperture&quot;:&quot;0&quot;,&quot;credit&quot;:&quot;&quot;,&quot;camera&quot;:&quot;&quot;,&quot;caption&quot;:&quot;&quot;,&quot;created_timestamp&quot;:&quot;0&quot;,&quot;copyright&quot;:&quot;&quot;,&quot;focal_length&quot;:&quot;0&quot;,&quot;iso&quot;:&quot;0&quot;,&quot;shutter_speed&quot;:&quot;0&quot;,&quot;title&quot;:&quot;&quot;,&quot;orientation&quot;:&quot;0&quot;}\" data-image-title=\"11\" data-image-description=\"\" data-image-caption=\"\" data-medium-file=\"https:\/\/www.catholic.az\/az\/wp-content\/uploads\/2026\/03\/11-300x200.jpg\" data-large-file=\"https:\/\/www.catholic.az\/az\/wp-content\/uploads\/2026\/03\/11-1024x683.jpg\" class=\"alignnone size-medium wp-image-5725\" src=\"https:\/\/www.catholic.az\/az\/wp-content\/uploads\/2026\/03\/11-300x200.jpg\" alt=\"\" width=\"300\" height=\"200\" srcset=\"https:\/\/www.catholic.az\/az\/wp-content\/uploads\/2026\/03\/11-300x200.jpg 300w, https:\/\/www.catholic.az\/az\/wp-content\/uploads\/2026\/03\/11-1024x683.jpg 1024w, https:\/\/www.catholic.az\/az\/wp-content\/uploads\/2026\/03\/11-768x512.jpg 768w, https:\/\/www.catholic.az\/az\/wp-content\/uploads\/2026\/03\/11-1536x1024.jpg 1536w, https:\/\/www.catholic.az\/az\/wp-content\/uploads\/2026\/03\/11.jpg 2048w\" sizes=\"auto, (max-width: 300px) 100vw, 300px\" \/><\/a><a href=\"https:\/\/www.catholic.az\/az\/wp-content\/uploads\/2026\/03\/12.jpg\"><img loading=\"lazy\" decoding=\"async\" data-attachment-id=\"5724\" data-permalink=\"https:\/\/www.catholic.az\/az\/kardinal-pietro-parolin-v%c9%99-seyxulislam-allahsukur-pasazad%c9%99-romada-iftar-m%c9%99rasimind%c9%99-istirak-edibl%c9%99r\/12-10\/\" data-orig-file=\"https:\/\/www.catholic.az\/az\/wp-content\/uploads\/2026\/03\/12.jpg\" data-orig-size=\"2048,1365\" data-comments-opened=\"0\" data-image-meta=\"{&quot;aperture&quot;:&quot;0&quot;,&quot;credit&quot;:&quot;&quot;,&quot;camera&quot;:&quot;&quot;,&quot;caption&quot;:&quot;&quot;,&quot;created_timestamp&quot;:&quot;0&quot;,&quot;copyright&quot;:&quot;&quot;,&quot;focal_length&quot;:&quot;0&quot;,&quot;iso&quot;:&quot;0&quot;,&quot;shutter_speed&quot;:&quot;0&quot;,&quot;title&quot;:&quot;&quot;,&quot;orientation&quot;:&quot;0&quot;}\" data-image-title=\"12\" data-image-description=\"\" data-image-caption=\"\" data-medium-file=\"https:\/\/www.catholic.az\/az\/wp-content\/uploads\/2026\/03\/12-300x200.jpg\" data-large-file=\"https:\/\/www.catholic.az\/az\/wp-content\/uploads\/2026\/03\/12-1024x683.jpg\" class=\"alignnone size-medium wp-image-5724\" src=\"https:\/\/www.catholic.az\/az\/wp-content\/uploads\/2026\/03\/12-300x200.jpg\" alt=\"\" width=\"300\" height=\"200\" srcset=\"https:\/\/www.catholic.az\/az\/wp-content\/uploads\/2026\/03\/12-300x200.jpg 300w, https:\/\/www.catholic.az\/az\/wp-content\/uploads\/2026\/03\/12-1024x683.jpg 1024w, https:\/\/www.catholic.az\/az\/wp-content\/uploads\/2026\/03\/12-768x512.jpg 768w, https:\/\/www.catholic.az\/az\/wp-content\/uploads\/2026\/03\/12-1536x1024.jpg 1536w, https:\/\/www.catholic.az\/az\/wp-content\/uploads\/2026\/03\/12.jpg 2048w\" sizes=\"auto, (max-width: 300px) 100vw, 300px\" \/><\/a><a href=\"https:\/\/www.catholic.az\/az\/wp-content\/uploads\/2026\/03\/13.jpg\"><img loading=\"lazy\" decoding=\"async\" data-attachment-id=\"5723\" data-permalink=\"https:\/\/www.catholic.az\/az\/kardinal-pietro-parolin-v%c9%99-seyxulislam-allahsukur-pasazad%c9%99-romada-iftar-m%c9%99rasimind%c9%99-istirak-edibl%c9%99r\/13-11\/\" data-orig-file=\"https:\/\/www.catholic.az\/az\/wp-content\/uploads\/2026\/03\/13.jpg\" data-orig-size=\"2048,1365\" data-comments-opened=\"0\" data-image-meta=\"{&quot;aperture&quot;:&quot;0&quot;,&quot;credit&quot;:&quot;&quot;,&quot;camera&quot;:&quot;&quot;,&quot;caption&quot;:&quot;&quot;,&quot;created_timestamp&quot;:&quot;0&quot;,&quot;copyright&quot;:&quot;&quot;,&quot;focal_length&quot;:&quot;0&quot;,&quot;iso&quot;:&quot;0&quot;,&quot;shutter_speed&quot;:&quot;0&quot;,&quot;title&quot;:&quot;&quot;,&quot;orientation&quot;:&quot;0&quot;}\" data-image-title=\"13\" data-image-description=\"\" data-image-caption=\"\" data-medium-file=\"https:\/\/www.catholic.az\/az\/wp-content\/uploads\/2026\/03\/13-300x200.jpg\" data-large-file=\"https:\/\/www.catholic.az\/az\/wp-content\/uploads\/2026\/03\/13-1024x683.jpg\" class=\"alignnone size-medium wp-image-5723\" src=\"https:\/\/www.catholic.az\/az\/wp-content\/uploads\/2026\/03\/13-300x200.jpg\" alt=\"\" width=\"300\" height=\"200\" srcset=\"https:\/\/www.catholic.az\/az\/wp-content\/uploads\/2026\/03\/13-300x200.jpg 300w, https:\/\/www.catholic.az\/az\/wp-content\/uploads\/2026\/03\/13-1024x683.jpg 1024w, https:\/\/www.catholic.az\/az\/wp-content\/uploads\/2026\/03\/13-768x512.jpg 768w, https:\/\/www.catholic.az\/az\/wp-content\/uploads\/2026\/03\/13-1536x1024.jpg 1536w, https:\/\/www.catholic.az\/az\/wp-content\/uploads\/2026\/03\/13.jpg 2048w\" sizes=\"auto, (max-width: 300px) 100vw, 300px\" \/><\/a><a href=\"https:\/\/www.catholic.az\/az\/wp-content\/uploads\/2026\/03\/14.jpg\"><img loading=\"lazy\" decoding=\"async\" data-attachment-id=\"5722\" data-permalink=\"https:\/\/www.catholic.az\/az\/kardinal-pietro-parolin-v%c9%99-seyxulislam-allahsukur-pasazad%c9%99-romada-iftar-m%c9%99rasimind%c9%99-istirak-edibl%c9%99r\/14-10\/\" data-orig-file=\"https:\/\/www.catholic.az\/az\/wp-content\/uploads\/2026\/03\/14.jpg\" data-orig-size=\"2048,1365\" data-comments-opened=\"0\" data-image-meta=\"{&quot;aperture&quot;:&quot;0&quot;,&quot;credit&quot;:&quot;&quot;,&quot;camera&quot;:&quot;&quot;,&quot;caption&quot;:&quot;&quot;,&quot;created_timestamp&quot;:&quot;0&quot;,&quot;copyright&quot;:&quot;&quot;,&quot;focal_length&quot;:&quot;0&quot;,&quot;iso&quot;:&quot;0&quot;,&quot;shutter_speed&quot;:&quot;0&quot;,&quot;title&quot;:&quot;&quot;,&quot;orientation&quot;:&quot;0&quot;}\" data-image-title=\"14\" data-image-description=\"\" data-image-caption=\"\" data-medium-file=\"https:\/\/www.catholic.az\/az\/wp-content\/uploads\/2026\/03\/14-300x200.jpg\" data-large-file=\"https:\/\/www.catholic.az\/az\/wp-content\/uploads\/2026\/03\/14-1024x683.jpg\" class=\"alignnone size-medium wp-image-5722\" src=\"https:\/\/www.catholic.az\/az\/wp-content\/uploads\/2026\/03\/14-300x200.jpg\" alt=\"\" width=\"300\" height=\"200\" srcset=\"https:\/\/www.catholic.az\/az\/wp-content\/uploads\/2026\/03\/14-300x200.jpg 300w, https:\/\/www.catholic.az\/az\/wp-content\/uploads\/2026\/03\/14-1024x683.jpg 1024w, https:\/\/www.catholic.az\/az\/wp-content\/uploads\/2026\/03\/14-768x512.jpg 768w, https:\/\/www.catholic.az\/az\/wp-content\/uploads\/2026\/03\/14-1536x1024.jpg 1536w, https:\/\/www.catholic.az\/az\/wp-content\/uploads\/2026\/03\/14.jpg 2048w\" sizes=\"auto, (max-width: 300px) 100vw, 300px\" \/><\/a><\/p>\n<p>&nbsp;<\/p>\n","protected":false},"excerpt":{"rendered":"<p>Mart\u0131n 9-da Romada Qafqaz M\u00fcs\u0259lmanlar\u0131 \u0130dar\u0259sinin v\u0259 Az\u0259rbaycan Respublikas\u0131n\u0131n M\u00fcq\u0259dd\u0259s Taxt-Tacdak\u0131 s\u0259firliyinin t\u0259\u015f\u0259bb\u00fcs\u00fc il\u0259 iftar m\u0259rasimi ke\u00e7irilib. T\u0259dbir M\u0259rake\u015f Krall\u0131\u011f\u0131n\u0131n Vatikandak\u0131 s\u0259firliyi v\u0259 Beyn\u0259lxalq Media Kommunikasiya Klubunun t\u0259\u015fkilati d\u0259st\u0259yi il\u0259 [&hellip;]<\/p>\n","protected":false},"author":4,"featured_media":5727,"comment_status":"closed","ping_status":"open","sticky":false,"template":"","format":"standard","meta":{"jetpack_post_was_ever_published":false,"_jetpack_newsletter_access":"","_jetpack_dont_email_post_to_subs":false,"_jetpack_newsletter_tier_id":0,"_jetpack_memberships_contains_paywalled_content":false,"_jetpack_memberships_contains_paid_content":false,"footnotes":"","jetpack_publicize_message":"","jetpack_publicize_feature_enabled":true,"jetpack_social_post_already_shared":true,"jetpack_social_options":{"image_generator_settings":{"template":"highway","default_image_id":0,"font":"","enabled":false},"version":2}},"categories":[1],"tags":[],"class_list":["post-5721","post","type-post","status-publish","format-standard","has-post-thumbnail","hentry","category-uncategorized"],"jetpack_publicize_connections":[],"jetpack_featured_media_url":"https:\/\/www.catholic.az\/az\/wp-content\/uploads\/2026\/03\/9.jpg","jetpack_sharing_enabled":true,"jetpack_shortlink":"https:\/\/wp.me\/p2X63J-1uh","_links":{"self":[{"href":"https:\/\/www.catholic.az\/az\/wp-json\/wp\/v2\/posts\/5721","targetHints":{"allow":["GET"]}}],"collection":[{"href":"https:\/\/www.catholic.az\/az\/wp-json\/wp\/v2\/posts"}],"about":[{"href":"https:\/\/www.catholic.az\/az\/wp-json\/wp\/v2\/types\/post"}],"author":[{"embeddable":true,"href":"https:\/\/www.catholic.az\/az\/wp-json\/wp\/v2\/users\/4"}],"replies":[{"embeddable":true,"href":"https:\/\/www.catholic.az\/az\/wp-json\/wp\/v2\/comments?post=5721"}],"version-history":[{"count":1,"href":"https:\/\/www.catholic.az\/az\/wp-json\/wp\/v2\/posts\/5721\/revisions"}],"predecessor-version":[{"id":5736,"href":"https:\/\/www.catholic.az\/az\/wp-json\/wp\/v2\/posts\/5721\/revisions\/5736"}],"wp:featuredmedia":[{"embeddable":true,"href":"https:\/\/www.catholic.az\/az\/wp-json\/wp\/v2\/media\/5727"}],"wp:attachment":[{"href":"https:\/\/www.catholic.az\/az\/wp-json\/wp\/v2\/media?parent=5721"}],"wp:term":[{"taxonomy":"category","embeddable":true,"href":"https:\/\/www.catholic.az\/az\/wp-json\/wp\/v2\/categories?post=5721"},{"taxonomy":"post_tag","embeddable":true,"href":"https:\/\/www.catholic.az\/az\/wp-json\/wp\/v2\/tags?post=5721"}],"curies":[{"name":"wp","href":"https:\/\/api.w.org\/{rel}","templated":true}]}}